{"id":22138,"date":"2025-02-25T18:48:00","date_gmt":"2025-02-25T21:48:00","guid":{"rendered":"https:\/\/diariorepublica.com.ar\/web\/?p=22138"},"modified":"2025-02-25T17:50:02","modified_gmt":"2025-02-25T20:50:02","slug":"capital-cerro-un-nuevo-acuerdo-con-los-docentes","status":"publish","type":"post","link":"https:\/\/diariorepublica.com.ar\/web\/index.php\/sociedad\/2025\/02\/25\/capital-cerro-un-nuevo-acuerdo-con-los-docentes\/","title":{"rendered":"Capital cerr\u00f3 un nuevo acuerdo con los docentes"},"content":{"rendered":"<p>La Municipalidad de la Capital cerr\u00f3 hoy un nuevo acuerdo salarial con el Sindicato Docente de Catamarca (SIDCA), que nuclea a los docentes del Sistema Educativo Municipal.<br \/>\nCon este acuerdo, los docentes contin\u00faan con aumentos por encima de los niveles de inflaci\u00f3n, y qued\u00f3 asegurado el normal inicio de clases en las escuelas municipales capitalinas, que iniciar\u00e1n as\u00ed su sexto a\u00f1o sin conflictos, ya que en toda la gesti\u00f3n de Gustavo Saadi los docentes no hicieron un solo d\u00eda de paro.<br \/>\nEn este caso, el incremento acordado asciende al 12 por ciento, a efectivizarse en tres pagos durante los meses de febrero, abril y mayo.<br \/>\nEl primer aumento ser\u00e1 del 6 por ciento, el segundo del 4 por ciento y el tercero del 2 por ciento, en todos los casos aplicados al punto \u00edndice, tanto para el personal docente remunerado por cargo como para el personal docente remunerado por hora c\u00e1tedra.<br \/>\nSe resolvi\u00f3 tambi\u00e9n dar continuidad durante el primer semestre de este a\u00f1o al ingreso del FONID, bajo otra denominaci\u00f3n.<br \/>\nFirmaron el acta el intendente Gustavo Saadi, el secretario de Gobierno y Coordinaci\u00f3n, Fernando Monguillot; la secretaria de Educaci\u00f3n, Marqueza Blanco y la secretaria de Hacienda, Giselle Monjes por el municipio, y el secretario general Sergio Guillamondegui por el SIDCA, quienes volver\u00e1n a reunirse en julio para discutir los salarios.<\/p>\n","protected":false},"excerpt":{"rendered":"<p>La Municipalidad de la Capital cerr\u00f3 hoy un nuevo acuerdo salarial con el Sindicato Docente de Catamarca (SIDCA), que nuclea<\/p>\n","protected":false},"author":1,"featured_media":22139,"comment_status":"closed","ping_status":"closed","sticky":false,"template":"","format":"standard","meta":{"footnotes":"","jetpack_publicize_message":"","jetpack_publicize_feature_enabled":true,"jetpack_social_post_already_shared":true,"jetpack_social_options":{"image_generator_settings":{"template":"highway","enabled":false},"version":2}},"categories":[3],"tags":[],"class_list":["post-22138","post","type-post","status-publish","format-standard","has-post-thumbnail","hentry","category-sociedad"],"jetpack_publicize_connections":[],"_links":{"self":[{"href":"https:\/\/diariorepublica.com.ar\/web\/index.php\/wp-json\/wp\/v2\/posts\/22138"}],"collection":[{"href":"https:\/\/diariorepublica.com.ar\/web\/index.php\/wp-json\/wp\/v2\/posts"}],"about":[{"href":"https:\/\/diariorepublica.com.ar\/web\/index.php\/wp-json\/wp\/v2\/types\/post"}],"author":[{"embeddable":true,"href":"https:\/\/diariorepublica.com.ar\/web\/index.php\/wp-json\/wp\/v2\/users\/1"}],"replies":[{"embeddable":true,"href":"https:\/\/diariorepublica.com.ar\/web\/index.php\/wp-json\/wp\/v2\/comments?post=22138"}],"version-history":[{"count":1,"href":"https:\/\/diariorepublica.com.ar\/web\/index.php\/wp-json\/wp\/v2\/posts\/22138\/revisions"}],"predecessor-version":[{"id":22140,"href":"https:\/\/diariorepublica.com.ar\/web\/index.php\/wp-json\/wp\/v2\/posts\/22138\/revisions\/22140"}],"wp:featuredmedia":[{"embeddable":true,"href":"https:\/\/diariorepublica.com.ar\/web\/index.php\/wp-json\/wp\/v2\/media\/22139"}],"wp:attachment":[{"href":"https:\/\/diariorepublica.com.ar\/web\/index.php\/wp-json\/wp\/v2\/media?parent=22138"}],"wp:term":[{"taxonomy":"category","embeddable":true,"href":"https:\/\/diariorepublica.com.ar\/web\/index.php\/wp-json\/wp\/v2\/categories?post=22138"},{"taxonomy":"post_tag","embeddable":true,"href":"https:\/\/diariorepublica.com.ar\/web\/index.php\/wp-json\/wp\/v2\/tags?post=22138"}],"curies":[{"name":"wp","href":"https:\/\/api.w.org\/{rel}","templated":true}]}}