{"id":22180,"date":"2025-02-27T15:50:00","date_gmt":"2025-02-27T18:50:00","guid":{"rendered":"https:\/\/diariorepublica.com.ar\/web\/?p=22180"},"modified":"2025-02-27T16:52:31","modified_gmt":"2025-02-27T19:52:31","slug":"un-nuevo-parte-medico-del-papa-francisco-asegura-que-tiene-una-leve-mejora","status":"publish","type":"post","link":"https:\/\/diariorepublica.com.ar\/web\/index.php\/internacionales\/2025\/02\/27\/un-nuevo-parte-medico-del-papa-francisco-asegura-que-tiene-una-leve-mejora\/","title":{"rendered":"Un nuevo parte m\u00e9dico del papa Francisco asegura que tiene una \u00ableve mejora\u00bb"},"content":{"rendered":"<article class=\"article-body article-body--first-paragraph content-protected-false\" data-td-script-src=\"https:\/\/www.ambito.com\/td\/modulos\/encuestas\/js\/function-embeds-min-version-1740629337.js\">El\u00a0<strong>Vaticano\u00a0<\/strong>difundi\u00f3 este jueves un<strong>\u00a0nuevo parte m\u00e9dico<\/strong>\u00a0sobre la salud del\u00a0papa Francisco\u00a0donde asegura que tiene\u00a0<strong>una \u00ableve mejor\u00eda\u00bb, aunque todav\u00eda alterna fisioterapia respiratoria con descanso.<\/strong>\u00a0El Santo Padre fue internado el 14 de febrero pasado en un Policl\u00ednico de Roma por una pulmon\u00eda bilateral.<\/p>\n<\/article>\n<article class=\"article-body article-body--second-paragraph content-protected-false\"><strong>El comunicado expresa un optimismo moderado sobre el futuro del Santo Padre.\u00a0<\/strong>\u201cEl papa ha dormido bien por la noche y ahora est\u00e1 descansando\u201d, inform\u00f3 el Vaticano a la ma\u00f1ana.<strong>\u00a0Un estudio del t\u00f3rax mostr\u00f3 este jueves una evoluci\u00f3n normal de su neumon\u00eda bilateral por la que fue internado.\u00a0<\/strong>Tambi\u00e9n se\u00f1alaron que la insuficiencia renal ya no es una preocupaci\u00f3n para los m\u00e9dicos.<\/p>\n<p><strong>A pesar de seguir internado, el Papa altern\u00f3 algunas actividades laborales con los tratamientos m\u00e9dicos.<\/strong>\u00a0Durante el d\u00eda altern\u00f3 fisioterapia respiratoria con descanso. Adem\u00e1s, se ha \u201crecogido en oraci\u00f3n en la capilla del piso privado de la 10\u00aa planta, recibiendo la Eucarist\u00eda; despu\u00e9s se dedic\u00f3 a las actividades laborales\u201d, inform\u00f3 el comunicado oficial.<\/p>\n<\/article>\n","protected":false},"excerpt":{"rendered":"<p>El\u00a0Vaticano\u00a0difundi\u00f3 este jueves un\u00a0nuevo parte m\u00e9dico\u00a0sobre la salud del\u00a0papa Francisco\u00a0donde asegura que tiene\u00a0una \u00ableve mejor\u00eda\u00bb, aunque todav\u00eda alterna fisioterapia respiratoria<\/p>\n","protected":false},"author":1,"featured_media":22181,"comment_status":"closed","ping_status":"closed","sticky":false,"template":"","format":"standard","meta":{"footnotes":"","jetpack_publicize_message":"","jetpack_publicize_feature_enabled":true,"jetpack_social_post_already_shared":true,"jetpack_social_options":{"image_generator_settings":{"template":"highway","enabled":false},"version":2}},"categories":[6],"tags":[],"class_list":["post-22180","post","type-post","status-publish","format-standard","has-post-thumbnail","hentry","category-internacionales"],"jetpack_publicize_connections":[],"_links":{"self":[{"href":"https:\/\/diariorepublica.com.ar\/web\/index.php\/wp-json\/wp\/v2\/posts\/22180"}],"collection":[{"href":"https:\/\/diariorepublica.com.ar\/web\/index.php\/wp-json\/wp\/v2\/posts"}],"about":[{"href":"https:\/\/diariorepublica.com.ar\/web\/index.php\/wp-json\/wp\/v2\/types\/post"}],"author":[{"embeddable":true,"href":"https:\/\/diariorepublica.com.ar\/web\/index.php\/wp-json\/wp\/v2\/users\/1"}],"replies":[{"embeddable":true,"href":"https:\/\/diariorepublica.com.ar\/web\/index.php\/wp-json\/wp\/v2\/comments?post=22180"}],"version-history":[{"count":1,"href":"https:\/\/diariorepublica.com.ar\/web\/index.php\/wp-json\/wp\/v2\/posts\/22180\/revisions"}],"predecessor-version":[{"id":22182,"href":"https:\/\/diariorepublica.com.ar\/web\/index.php\/wp-json\/wp\/v2\/posts\/22180\/revisions\/22182"}],"wp:featuredmedia":[{"embeddable":true,"href":"https:\/\/diariorepublica.com.ar\/web\/index.php\/wp-json\/wp\/v2\/media\/22181"}],"wp:attachment":[{"href":"https:\/\/diariorepublica.com.ar\/web\/index.php\/wp-json\/wp\/v2\/media?parent=22180"}],"wp:term":[{"taxonomy":"category","embeddable":true,"href":"https:\/\/diariorepublica.com.ar\/web\/index.php\/wp-json\/wp\/v2\/categories?post=22180"},{"taxonomy":"post_tag","embeddable":true,"href":"https:\/\/diariorepublica.com.ar\/web\/index.php\/wp-json\/wp\/v2\/tags?post=22180"}],"curies":[{"name":"wp","href":"https:\/\/api.w.org\/{rel}","templated":true}]}}