{"id":22189,"date":"2025-02-27T17:57:06","date_gmt":"2025-02-27T20:57:06","guid":{"rendered":"https:\/\/diariorepublica.com.ar\/web\/?p=22189"},"modified":"2025-02-27T17:57:08","modified_gmt":"2025-02-27T20:57:08","slug":"gremios-que-responden-a-la-cgt-levantaron-la-huelga-prevista-para-el-5-de-marzo","status":"publish","type":"post","link":"https:\/\/diariorepublica.com.ar\/web\/index.php\/nacionales\/2025\/02\/27\/gremios-que-responden-a-la-cgt-levantaron-la-huelga-prevista-para-el-5-de-marzo\/","title":{"rendered":"Gremios que responden a la CGT levantaron la huelga prevista para el 5 de marzo"},"content":{"rendered":"<p>En medio del per\u00edodo de negociaci\u00f3n paritaria con los docentes de todo el pa\u00eds, la Confederaci\u00f3n General del Trabajo (CGT) inform\u00f3 que cuatro gremios que integran la central obrera levantan el paro que hab\u00edan anunciado para el pr\u00f3ximo mi\u00e9rcoles 5 de marzo. La \u00faltima oferta salarial del Gobierno fue rechazada la \u00faltima semana: propon\u00edan que el salario m\u00ednima ascienda desde $420.000 a $500.000.<\/p>\n<p>Seg\u00fan inform\u00f3 en un comunicado la propia CGT, los sindicatos que acataron esa posici\u00f3n son la Asociaci\u00f3n del Magisterio de Ense\u00f1anza T\u00e9cnica (AMET), la Confederaci\u00f3n de Educadores Argentinos (CEA), el Sindicato Argentino de Docentes Privados (SADOP) y la Uni\u00f3n de Docentes Argentinos (UDA). \u00abEn las \u00faltimas horas se dio un acercamiento entre el Gobierno Nacional y las entidades sindicales docentes\u00bb, argumentaron.<\/p>\n<article class=\"article-body article-body--third-paragraph content-protected-false\">Existen\u00a0<strong>excepciones distritales como en la provincia de Corrientes<\/strong>, donde el Sindicato \u00danico de Trabajadores de la Educaci\u00f3n de Corrientes (<strong>SUTECO<\/strong>) y la Asociaci\u00f3n Correntina de Docentes Provinciales (<strong>ACDP<\/strong>) le informaron a \u00c1mbito que a\u00fan\u00a0<strong>no definieron el levantamiento del paro<\/strong> del 5 de marzo.<\/p>\n<\/article>\n<article class=\"article-body article-body--fourth-paragraph content-protected-false\">A pesar de la disuasi\u00f3n de la medida de fuerza, la\u00a0<strong>CGT\u00a0<\/strong>asegur\u00f3 que permanecen \u00aben\u00a0<strong>estado de alerta\u00a0<\/strong>esperando la convocatoria\u00bb, en donde a la negociaci\u00f3n de la<strong>\u00a0Paritaria Nacional Docente<\/strong>\u00a0le sumar\u00edan nuevos reclamos. Entre ellos, enumeran:<\/p>\n<\/article>\n<article class=\"article-body article-body--remaining-paragraph content-protected-false\">\n<ul>\n<li>Fortalecimiento docente.<\/li>\n<li>Infraestructura escolar para las provincias.<\/li>\n<li>Participaci\u00f3n de los gremios docentes en las pr\u00f3ximas Asambleas del Consejo Federal de Educaci\u00f3n.<\/li>\n<li>Traslados de docentes entre jurisdicciones.<\/li>\n<li>Convocatoria a discutir el salario m\u00ednimo docente garantizado durante el presente trimestre.<\/li>\n<li>Apertura de la mesa de negociaci\u00f3n para tratar condiciones de trabajo y salud docente.<\/li>\n<\/ul>\n<\/article>\n","protected":false},"excerpt":{"rendered":"<p>En medio del per\u00edodo de negociaci\u00f3n paritaria con los docentes de todo el pa\u00eds, la Confederaci\u00f3n General del Trabajo (CGT)<\/p>\n","protected":false},"author":1,"featured_media":22190,"comment_status":"closed","ping_status":"closed","sticky":false,"template":"","format":"standard","meta":{"footnotes":"","jetpack_publicize_message":"","jetpack_publicize_feature_enabled":true,"jetpack_social_post_already_shared":true,"jetpack_social_options":{"image_generator_settings":{"template":"highway","enabled":false},"version":2}},"categories":[4],"tags":[],"class_list":["post-22189","post","type-post","status-publish","format-standard","has-post-thumbnail","hentry","category-nacionales"],"jetpack_publicize_connections":[],"_links":{"self":[{"href":"https:\/\/diariorepublica.com.ar\/web\/index.php\/wp-json\/wp\/v2\/posts\/22189"}],"collection":[{"href":"https:\/\/diariorepublica.com.ar\/web\/index.php\/wp-json\/wp\/v2\/posts"}],"about":[{"href":"https:\/\/diariorepublica.com.ar\/web\/index.php\/wp-json\/wp\/v2\/types\/post"}],"author":[{"embeddable":true,"href":"https:\/\/diariorepublica.com.ar\/web\/index.php\/wp-json\/wp\/v2\/users\/1"}],"replies":[{"embeddable":true,"href":"https:\/\/diariorepublica.com.ar\/web\/index.php\/wp-json\/wp\/v2\/comments?post=22189"}],"version-history":[{"count":1,"href":"https:\/\/diariorepublica.com.ar\/web\/index.php\/wp-json\/wp\/v2\/posts\/22189\/revisions"}],"predecessor-version":[{"id":22191,"href":"https:\/\/diariorepublica.com.ar\/web\/index.php\/wp-json\/wp\/v2\/posts\/22189\/revisions\/22191"}],"wp:featuredmedia":[{"embeddable":true,"href":"https:\/\/diariorepublica.com.ar\/web\/index.php\/wp-json\/wp\/v2\/media\/22190"}],"wp:attachment":[{"href":"https:\/\/diariorepublica.com.ar\/web\/index.php\/wp-json\/wp\/v2\/media?parent=22189"}],"wp:term":[{"taxonomy":"category","embeddable":true,"href":"https:\/\/diariorepublica.com.ar\/web\/index.php\/wp-json\/wp\/v2\/categories?post=22189"},{"taxonomy":"post_tag","embeddable":true,"href":"https:\/\/diariorepublica.com.ar\/web\/index.php\/wp-json\/wp\/v2\/tags?post=22189"}],"curies":[{"name":"wp","href":"https:\/\/api.w.org\/{rel}","templated":true}]}}