{"id":22240,"date":"2025-02-28T18:53:09","date_gmt":"2025-02-28T21:53:09","guid":{"rendered":"https:\/\/diariorepublica.com.ar\/web\/?p=22240"},"modified":"2025-02-28T18:53:11","modified_gmt":"2025-02-28T21:53:11","slug":"warmi-cumple-9-anos-en-la-proteccion-a-victimas-de-violencias-por-motivos-de-genero","status":"publish","type":"post","link":"https:\/\/diariorepublica.com.ar\/web\/index.php\/sociedad\/2025\/02\/28\/warmi-cumple-9-anos-en-la-proteccion-a-victimas-de-violencias-por-motivos-de-genero\/","title":{"rendered":"Warmi cumple 9 a\u00f1os en la protecci\u00f3n a v\u00edctimas de violencias por motivos de g\u00e9nero"},"content":{"rendered":"<p>Este viernes 28 de febrero el Hogar temporal de protecci\u00f3n integral a v\u00edctimas de violencias por motivos de g\u00e9nero celebra su 9\u00b0 aniversario desde su creaci\u00f3n.<\/p>\n<p>Warmi es uno de los primeros centros en su especialidad de Argentina y funciona a partir de febrero del an\u0303o 2016 bajo la ley provincial N\u00b0 5434; y ofrece un espacio temporal de albergue a personas en situaci\u00f3n de violencia de genero extrema (casos en los que la permanencia en su domicilio o residencia implica una amenaza inminente para su integridad f\u00edsica, psicol\u00f3gica o sexual) referenciados por el \u00e1rea competente del poder judicial, con el protocolo interno de actuaci\u00f3n del Hogar Warmi, y brindar contenci\u00f3n, y atenci\u00f3n especializada desde un enfoque integral, con perspectiva de g\u00e9nero y derechos humanos.<\/p>\n<p>Dentro de sus funciones, garantiza un espacio de protecci\u00f3n digno, humanizado y seguro de acogida temporal, con orientaci\u00f3n y atenci\u00f3n jur\u00eddica especializada sobre los derechos que asisten a las v\u00edctimas y acompa\u00f1amiento legal, adem\u00e1s de dotar de herramientas que posibiliten a las v\u00edctimas desactivar la reproducci\u00f3n de patrones de conductas violentas.<\/p>\n<p><strong>Entre los servicios ofrecidos se encuentran:<\/strong><\/p>\n<p>&#8211; Alojamiento: Para mujeres y personas\u00a0autoidentificadas\u00a0como mujeres, con capacidad para albergar a aproximadamente 30 personas con consigna policial las 24 horas.<\/p>\n<p>&#8211; Espacios cuidados: Para ni\u00f1os y ni\u00f1as hijos de v\u00edctimas de violencia de g\u00e9nero, brindando un entorno seguro y protector.<\/p>\n<p>&#8211; Asistencia integral: A trav\u00e9s del plan de abordaje integral, con profesionales especializados en nutrici\u00f3n, higiene personal y otros aspectos relevantes.<\/p>\n<p>&#8211; Ropero comunitario: Un espacio donde se pueden donar y recibir ropa y otros art\u00edculos esenciales.<\/p>\n<p>&#8211; Talleres de formaci\u00f3n y capacitaci\u00f3n: Para fomentar la autonom\u00eda econ\u00f3mica y el empoderamiento de las mujeres, como por ejemplo, el grupo de emprendimientos \u00abSinchy warmi\u00bb que presenta productos regionales en el poncho 2024.<\/p>\n<p>En estos a\u00f1os la instituci\u00f3n logro\u0301 generar el primer Encuentro Regional de Hogares del Norte Grande generando importantes avances en la lucha contra la violencia de g\u00e9nero. Adem\u00e1s, se creo\u0301 una red de emergencia territorial que abarca todos los departamentos del interior, ofreciendo una respuesta integral a las v\u00edctimas de violencia de g\u00e9nero.<\/p>\n<p>Tambi\u00e9n, cuenta con la l\u00ednea 200 144, que ofrece asistencia las 24 horas del d\u00eda, los 365 d\u00edas del a\u00f1o, y esta\u0301 atendida por profesionales capacitados en la materia. Esta l\u00ednea tambi\u00e9n es recursero de la l\u00ednea 144 a nivel nacional.<\/p>\n","protected":false},"excerpt":{"rendered":"<p>Este viernes 28 de febrero el Hogar temporal de protecci\u00f3n integral a v\u00edctimas de violencias por motivos de g\u00e9nero celebra<\/p>\n","protected":false},"author":1,"featured_media":22241,"comment_status":"closed","ping_status":"closed","sticky":false,"template":"","format":"standard","meta":{"footnotes":"","jetpack_publicize_message":"","jetpack_publicize_feature_enabled":true,"jetpack_social_post_already_shared":true,"jetpack_social_options":{"image_generator_settings":{"template":"highway","enabled":false},"version":2}},"categories":[3],"tags":[],"class_list":["post-22240","post","type-post","status-publish","format-standard","has-post-thumbnail","hentry","category-sociedad"],"jetpack_publicize_connections":[],"_links":{"self":[{"href":"https:\/\/diariorepublica.com.ar\/web\/index.php\/wp-json\/wp\/v2\/posts\/22240"}],"collection":[{"href":"https:\/\/diariorepublica.com.ar\/web\/index.php\/wp-json\/wp\/v2\/posts"}],"about":[{"href":"https:\/\/diariorepublica.com.ar\/web\/index.php\/wp-json\/wp\/v2\/types\/post"}],"author":[{"embeddable":true,"href":"https:\/\/diariorepublica.com.ar\/web\/index.php\/wp-json\/wp\/v2\/users\/1"}],"replies":[{"embeddable":true,"href":"https:\/\/diariorepublica.com.ar\/web\/index.php\/wp-json\/wp\/v2\/comments?post=22240"}],"version-history":[{"count":1,"href":"https:\/\/diariorepublica.com.ar\/web\/index.php\/wp-json\/wp\/v2\/posts\/22240\/revisions"}],"predecessor-version":[{"id":22242,"href":"https:\/\/diariorepublica.com.ar\/web\/index.php\/wp-json\/wp\/v2\/posts\/22240\/revisions\/22242"}],"wp:featuredmedia":[{"embeddable":true,"href":"https:\/\/diariorepublica.com.ar\/web\/index.php\/wp-json\/wp\/v2\/media\/22241"}],"wp:attachment":[{"href":"https:\/\/diariorepublica.com.ar\/web\/index.php\/wp-json\/wp\/v2\/media?parent=22240"}],"wp:term":[{"taxonomy":"category","embeddable":true,"href":"https:\/\/diariorepublica.com.ar\/web\/index.php\/wp-json\/wp\/v2\/categories?post=22240"},{"taxonomy":"post_tag","embeddable":true,"href":"https:\/\/diariorepublica.com.ar\/web\/index.php\/wp-json\/wp\/v2\/tags?post=22240"}],"curies":[{"name":"wp","href":"https:\/\/api.w.org\/{rel}","templated":true}]}}