{"id":22309,"date":"2025-03-07T06:11:00","date_gmt":"2025-03-07T09:11:00","guid":{"rendered":"https:\/\/diariorepublica.com.ar\/web\/?p=22309"},"modified":"2025-03-07T07:14:03","modified_gmt":"2025-03-07T10:14:03","slug":"loa-haberes-de-empleados-legislativos-se-acreditaran-el-sabado","status":"publish","type":"post","link":"https:\/\/diariorepublica.com.ar\/web\/index.php\/locales\/2025\/03\/07\/loa-haberes-de-empleados-legislativos-se-acreditaran-el-sabado\/","title":{"rendered":"Loa haberes de empleados legislativos se acreditar\u00e1n el s\u00e1bado"},"content":{"rendered":"<p>El Ministerio de Econom\u00eda comunic\u00f3 que, por razones de fuerza mayor, los haberes de febrero 2025 correspondientes a empleados del Poder Legislativo Provincial estar\u00e1n acreditados el d\u00eda s\u00e1bado 8 de marzo.<\/p>\n<p>El resto de los empleados de la Administraci\u00f3n P\u00fablica percibir\u00e1 sus haberes tal como fue anunciado, el d\u00eda de ma\u00f1ana, viernes 7 de marzo.<\/p>\n","protected":false},"excerpt":{"rendered":"<p>El Ministerio de Econom\u00eda comunic\u00f3 que, por razones de fuerza mayor, los haberes de febrero 2025 correspondientes a empleados del<\/p>\n","protected":false},"author":1,"featured_media":22310,"comment_status":"closed","ping_status":"closed","sticky":false,"template":"","format":"standard","meta":{"footnotes":"","jetpack_publicize_message":"","jetpack_publicize_feature_enabled":true,"jetpack_social_post_already_shared":true,"jetpack_social_options":{"image_generator_settings":{"template":"highway","enabled":false},"version":2}},"categories":[2],"tags":[],"class_list":["post-22309","post","type-post","status-publish","format-standard","has-post-thumbnail","hentry","category-locales"],"jetpack_publicize_connections":[],"_links":{"self":[{"href":"https:\/\/diariorepublica.com.ar\/web\/index.php\/wp-json\/wp\/v2\/posts\/22309"}],"collection":[{"href":"https:\/\/diariorepublica.com.ar\/web\/index.php\/wp-json\/wp\/v2\/posts"}],"about":[{"href":"https:\/\/diariorepublica.com.ar\/web\/index.php\/wp-json\/wp\/v2\/types\/post"}],"author":[{"embeddable":true,"href":"https:\/\/diariorepublica.com.ar\/web\/index.php\/wp-json\/wp\/v2\/users\/1"}],"replies":[{"embeddable":true,"href":"https:\/\/diariorepublica.com.ar\/web\/index.php\/wp-json\/wp\/v2\/comments?post=22309"}],"version-history":[{"count":1,"href":"https:\/\/diariorepublica.com.ar\/web\/index.php\/wp-json\/wp\/v2\/posts\/22309\/revisions"}],"predecessor-version":[{"id":22311,"href":"https:\/\/diariorepublica.com.ar\/web\/index.php\/wp-json\/wp\/v2\/posts\/22309\/revisions\/22311"}],"wp:featuredmedia":[{"embeddable":true,"href":"https:\/\/diariorepublica.com.ar\/web\/index.php\/wp-json\/wp\/v2\/media\/22310"}],"wp:attachment":[{"href":"https:\/\/diariorepublica.com.ar\/web\/index.php\/wp-json\/wp\/v2\/media?parent=22309"}],"wp:term":[{"taxonomy":"category","embeddable":true,"href":"https:\/\/diariorepublica.com.ar\/web\/index.php\/wp-json\/wp\/v2\/categories?post=22309"},{"taxonomy":"post_tag","embeddable":true,"href":"https:\/\/diariorepublica.com.ar\/web\/index.php\/wp-json\/wp\/v2\/tags?post=22309"}],"curies":[{"name":"wp","href":"https:\/\/api.w.org\/{rel}","templated":true}]}}