{"id":22319,"date":"2025-03-07T07:40:57","date_gmt":"2025-03-07T10:40:57","guid":{"rendered":"https:\/\/diariorepublica.com.ar\/web\/?p=22319"},"modified":"2025-03-07T07:40:59","modified_gmt":"2025-03-07T10:40:59","slug":"el-ministerio-de-salud-absorbera-el-instituto-nacional-del-cancer","status":"publish","type":"post","link":"https:\/\/diariorepublica.com.ar\/web\/index.php\/nacionales\/2025\/03\/07\/el-ministerio-de-salud-absorbera-el-instituto-nacional-del-cancer\/","title":{"rendered":"El Ministerio de Salud absorber\u00e1 el Instituto Nacional del C\u00e1ncer"},"content":{"rendered":"<p><strong>El Ministerio de Salud confirm\u00f3 que absorber\u00e1 el Instituto Nacional del C\u00e1ncer (INC),<\/strong>\u00a0<strong>con el fin de eliminar la duplicidad de tareas, tener un mayor control de las acciones y cumplir con sus funciones garantizando programas, acceso a medicamentos y tratamientos.<\/strong><\/p>\n<p>Luego de una serie de relevamientos en el INC,<strong>\u00a0se detectaron problemas log\u00edsticos,<\/strong>\u00a0con entrega de medicamentos al borde de su vencimiento, compras ineficientes y programas y estructuras\u00a0duplicadas.<\/p>\n<p>Entre ellas se detect\u00f3 el Sistema de Vigilancia Epidemiol\u00f3gica y Reporte del C\u00e1ncer, cuyas tareas ya realiza la Subsecretar\u00eda de Vigilancia Epidemiol\u00f3gica; y los Programas Nacionales de Control y Prevenci\u00f3n de distintos tipos de c\u00e1ncer, cuyas responsabilidades ya est\u00e1n contempladas en las funciones de la Direcci\u00f3n Nacional de Abordaje Integral de Enfermedades No Transmisibles.<\/p>\n<p><strong>Tambi\u00e9n se hallaron graves fallas en la compra de medicamentos que no se ajustaron a los cambios de demanda.<\/strong><\/p>\n<p>En ese sentido, el ministerio ratific\u00f3 que<strong>\u00a0esta medida no afectar\u00e1 la continuidad de ning\u00fan programa que garantizaba el Instituto Nacional del C\u00e1ncer\u00a0<\/strong>y s\u00f3lo es un cambio administrativo que apuntan a mejorar su eficacia.<\/p>\n<p>NA<\/p>\n","protected":false},"excerpt":{"rendered":"<p>El Ministerio de Salud confirm\u00f3 que absorber\u00e1 el Instituto Nacional del C\u00e1ncer (INC),\u00a0con el fin de eliminar la duplicidad de<\/p>\n","protected":false},"author":1,"featured_media":22320,"comment_status":"closed","ping_status":"closed","sticky":false,"template":"","format":"standard","meta":{"footnotes":"","jetpack_publicize_message":"","jetpack_publicize_feature_enabled":true,"jetpack_social_post_already_shared":true,"jetpack_social_options":{"image_generator_settings":{"template":"highway","enabled":false},"version":2}},"categories":[4],"tags":[],"class_list":["post-22319","post","type-post","status-publish","format-standard","has-post-thumbnail","hentry","category-nacionales"],"jetpack_publicize_connections":[],"_links":{"self":[{"href":"https:\/\/diariorepublica.com.ar\/web\/index.php\/wp-json\/wp\/v2\/posts\/22319"}],"collection":[{"href":"https:\/\/diariorepublica.com.ar\/web\/index.php\/wp-json\/wp\/v2\/posts"}],"about":[{"href":"https:\/\/diariorepublica.com.ar\/web\/index.php\/wp-json\/wp\/v2\/types\/post"}],"author":[{"embeddable":true,"href":"https:\/\/diariorepublica.com.ar\/web\/index.php\/wp-json\/wp\/v2\/users\/1"}],"replies":[{"embeddable":true,"href":"https:\/\/diariorepublica.com.ar\/web\/index.php\/wp-json\/wp\/v2\/comments?post=22319"}],"version-history":[{"count":1,"href":"https:\/\/diariorepublica.com.ar\/web\/index.php\/wp-json\/wp\/v2\/posts\/22319\/revisions"}],"predecessor-version":[{"id":22321,"href":"https:\/\/diariorepublica.com.ar\/web\/index.php\/wp-json\/wp\/v2\/posts\/22319\/revisions\/22321"}],"wp:featuredmedia":[{"embeddable":true,"href":"https:\/\/diariorepublica.com.ar\/web\/index.php\/wp-json\/wp\/v2\/media\/22320"}],"wp:attachment":[{"href":"https:\/\/diariorepublica.com.ar\/web\/index.php\/wp-json\/wp\/v2\/media?parent=22319"}],"wp:term":[{"taxonomy":"category","embeddable":true,"href":"https:\/\/diariorepublica.com.ar\/web\/index.php\/wp-json\/wp\/v2\/categories?post=22319"},{"taxonomy":"post_tag","embeddable":true,"href":"https:\/\/diariorepublica.com.ar\/web\/index.php\/wp-json\/wp\/v2\/tags?post=22319"}],"curies":[{"name":"wp","href":"https:\/\/api.w.org\/{rel}","templated":true}]}}