{"id":22327,"date":"2025-03-07T07:45:20","date_gmt":"2025-03-07T10:45:20","guid":{"rendered":"https:\/\/diariorepublica.com.ar\/web\/?p=22327"},"modified":"2025-03-07T07:45:22","modified_gmt":"2025-03-07T10:45:22","slug":"el-papa-paso-una-noche-tranquila-pero-su-pronostico-sigue-siendo-reservado","status":"publish","type":"post","link":"https:\/\/diariorepublica.com.ar\/web\/index.php\/internacionales\/2025\/03\/07\/el-papa-paso-una-noche-tranquila-pero-su-pronostico-sigue-siendo-reservado\/","title":{"rendered":"El Papa pas\u00f3 \u00abuna noche tranquila\u00bb, pero su pron\u00f3stico sigue siendo reservado"},"content":{"rendered":"<p><strong>El<\/strong><strong>\u00a0papa Francisco<\/strong><strong>\u00a0pas\u00f3 \u201cuna noche tranquila\u201d<\/strong>\u00a0en el Policl\u00ednico Gemelli donde se encuentra internado desde el pasado 14 de febrero, pero<strong>\u00a0su pron\u00f3stico contin\u00faa siendo \u00abreservado<\/strong>, seg\u00fan inform\u00f3 la Oficina de Prensa del Vaticano.<\/p>\n<p><strong>\u201cEl Papa ha transcurrido una noche tranquila y se ha despertado poco despu\u00e9s de las 8:00\u201d<\/strong>, se\u00f1al\u00f3 el parte dado a conocer en la ma\u00f1ana de este viernes por la citada oficina que el jueves hab\u00eda indicado que el estado cl\u00ednico del Papa era estable respecto a d\u00edas anteriores\u00bb.<\/p>\n<p>Adem\u00e1s, desde la Oficina de la Santa Sede manifestaron que\u00a0<strong>el jueves no hubo \u00abepisodios de crisis respiratoria ni fiebre\u00bb y que Francisco continuaba \u00abcon la fisioterapia respiratoria y motora\u00bb.<\/strong><\/p>\n<p>\u00abLos m\u00e9dicos siguen manteniendo un pron\u00f3stico reservado. Dada la estabilidad del cuadro cl\u00ednico\u00bb, se\u00f1alaron en una jornada en la cual hubo emoci\u00f3n en la Plaza de San Pedro cuando, antes del rezo del Rosario por la salud del Papa,\u00a0<strong>se difundi\u00f3 un audio grabado en Policl\u00ednico Gemelli en el que el Sumo Pont\u00edfice agradeci\u00f3 las oraciones y la cercan\u00eda de los fieles<\/strong>.<\/p>\n","protected":false},"excerpt":{"rendered":"<p>El\u00a0papa Francisco\u00a0pas\u00f3 \u201cuna noche tranquila\u201d\u00a0en el Policl\u00ednico Gemelli donde se encuentra internado desde el pasado 14 de febrero, pero\u00a0su pron\u00f3stico<\/p>\n","protected":false},"author":1,"featured_media":22328,"comment_status":"closed","ping_status":"closed","sticky":false,"template":"","format":"standard","meta":{"footnotes":"","jetpack_publicize_message":"","jetpack_publicize_feature_enabled":true,"jetpack_social_post_already_shared":true,"jetpack_social_options":{"image_generator_settings":{"template":"highway","enabled":false},"version":2}},"categories":[6],"tags":[],"class_list":["post-22327","post","type-post","status-publish","format-standard","has-post-thumbnail","hentry","category-internacionales"],"jetpack_publicize_connections":[],"_links":{"self":[{"href":"https:\/\/diariorepublica.com.ar\/web\/index.php\/wp-json\/wp\/v2\/posts\/22327"}],"collection":[{"href":"https:\/\/diariorepublica.com.ar\/web\/index.php\/wp-json\/wp\/v2\/posts"}],"about":[{"href":"https:\/\/diariorepublica.com.ar\/web\/index.php\/wp-json\/wp\/v2\/types\/post"}],"author":[{"embeddable":true,"href":"https:\/\/diariorepublica.com.ar\/web\/index.php\/wp-json\/wp\/v2\/users\/1"}],"replies":[{"embeddable":true,"href":"https:\/\/diariorepublica.com.ar\/web\/index.php\/wp-json\/wp\/v2\/comments?post=22327"}],"version-history":[{"count":1,"href":"https:\/\/diariorepublica.com.ar\/web\/index.php\/wp-json\/wp\/v2\/posts\/22327\/revisions"}],"predecessor-version":[{"id":22329,"href":"https:\/\/diariorepublica.com.ar\/web\/index.php\/wp-json\/wp\/v2\/posts\/22327\/revisions\/22329"}],"wp:featuredmedia":[{"embeddable":true,"href":"https:\/\/diariorepublica.com.ar\/web\/index.php\/wp-json\/wp\/v2\/media\/22328"}],"wp:attachment":[{"href":"https:\/\/diariorepublica.com.ar\/web\/index.php\/wp-json\/wp\/v2\/media?parent=22327"}],"wp:term":[{"taxonomy":"category","embeddable":true,"href":"https:\/\/diariorepublica.com.ar\/web\/index.php\/wp-json\/wp\/v2\/categories?post=22327"},{"taxonomy":"post_tag","embeddable":true,"href":"https:\/\/diariorepublica.com.ar\/web\/index.php\/wp-json\/wp\/v2\/tags?post=22327"}],"curies":[{"name":"wp","href":"https:\/\/api.w.org\/{rel}","templated":true}]}}