{"id":22330,"date":"2025-03-07T07:47:19","date_gmt":"2025-03-07T10:47:19","guid":{"rendered":"https:\/\/diariorepublica.com.ar\/web\/?p=22330"},"modified":"2025-03-07T07:47:21","modified_gmt":"2025-03-07T10:47:21","slug":"guillermo-barros-schelotto-sera-el-nuevo-dt-de-velez-sarsfield","status":"publish","type":"post","link":"https:\/\/diariorepublica.com.ar\/web\/index.php\/deportes\/2025\/03\/07\/guillermo-barros-schelotto-sera-el-nuevo-dt-de-velez-sarsfield\/","title":{"rendered":"Guillermo Barros Schelotto ser\u00e1 el nuevo DT de V\u00e9lez Sarsfield"},"content":{"rendered":"<p><strong>Tras varias jornadas de negociaciones, V\u00e9lez y Guillermo Barros Schelotto alcanzaron un acuerdo para que el entrenador se haga cargo del club por un contrato de dos a\u00f1os.<\/strong><\/p>\n<p>Aunque todav\u00eda falta la firma, todo parece indicar que el exentrenador de Boca, Lan\u00fas, Los \u00c1ngeles Galaxy y la selecci\u00f3n de Paraguay ser\u00e1 el sucesor de Sebasti\u00e1n Dom\u00ednguez al frente del Fort\u00edn.<\/p>\n<p>Este regreso al f\u00fatbol argentino se da tras su salida de Boca, luego de la final de la Copa Libertadores 2018 frente a River.<\/p>\n<p>El acuerdo, que solo necesita la firma de las partes, fue alcanzado despu\u00e9s de intensas ofertas y contraofertas.<\/p>\n<p>Barros Schelotto, junto a su hermano Gustavo, asumir\u00e1 la direcci\u00f3n t\u00e9cnica del club.<\/p>\n<p>A\u00fan no se ha confirmado el resto de su cuerpo t\u00e9cnico, pero todo indica que las condiciones para su llegada est\u00e1n acordadas.<\/p>\n<p>El proyecto deportivo que present\u00f3 la dirigencia del club sedujo al entrenador, quien, desde el inicio, se mostr\u00f3 dispuesto a regresar al pa\u00eds y asumir este desaf\u00edo con la Copa Libertadores en el horizonte.<\/p>\n<p>Aunque no se revelaron todos los detalles, las primeras informaciones indican que Barros Schelotto puso como condiciones un salario elevado, la posibilidad de influir en los mercados de pases y la promesa de incorporar jugadores de jerarqu\u00eda por l\u00ednea en la ventana de junio.<\/p>\n<p>Despu\u00e9s de una serie de negociaciones, estas condiciones fueron aceptadas, y el acuerdo entre ambas partes qued\u00f3 sellado, a falta de formalizarse con la firma.<\/p>\n<p>V\u00e9lez se reuni\u00f3 con el entrenador Guillermo Barros Schelotto, tras la salida de Sebasti\u00e1n Dom\u00ednguez, y todo avanza de buena forma. Desde el \u00abFort\u00edn\u00bb ya habr\u00edan realizado una oferta formal y hay optimismo en ambas partes.<\/p>\n<p>Desde el entorno del ex t\u00e9cnico de Boca y de su hermano Gustavo, quien trabaja junto a \u00e9l como ayudante de campo, aseguran que el acuerdo podr\u00eda darse en estos pr\u00f3ximos d\u00edas, ya que las diferencias no ser\u00edan sustanciales.<\/p>\n<p>Fue el lunes de esta semana cuando el \u00abMellizo\u00bb recibi\u00f3 un llamado de V\u00e9lez , luego de su paso por la Selecci\u00f3n de Paraguay, y este les habr\u00eda manifestado el deseo de volver a comandar un equipo argentino.<\/p>\n<p>NA<\/p>\n","protected":false},"excerpt":{"rendered":"<p>Tras varias jornadas de negociaciones, V\u00e9lez y Guillermo Barros Schelotto alcanzaron un acuerdo para que el entrenador se haga cargo<\/p>\n","protected":false},"author":1,"featured_media":22331,"comment_status":"closed","ping_status":"closed","sticky":false,"template":"","format":"standard","meta":{"footnotes":"","jetpack_publicize_message":"","jetpack_publicize_feature_enabled":true,"jetpack_social_post_already_shared":true,"jetpack_social_options":{"image_generator_settings":{"template":"highway","enabled":false},"version":2}},"categories":[9],"tags":[],"class_list":["post-22330","post","type-post","status-publish","format-standard","has-post-thumbnail","hentry","category-deportes"],"jetpack_publicize_connections":[],"_links":{"self":[{"href":"https:\/\/diariorepublica.com.ar\/web\/index.php\/wp-json\/wp\/v2\/posts\/22330"}],"collection":[{"href":"https:\/\/diariorepublica.com.ar\/web\/index.php\/wp-json\/wp\/v2\/posts"}],"about":[{"href":"https:\/\/diariorepublica.com.ar\/web\/index.php\/wp-json\/wp\/v2\/types\/post"}],"author":[{"embeddable":true,"href":"https:\/\/diariorepublica.com.ar\/web\/index.php\/wp-json\/wp\/v2\/users\/1"}],"replies":[{"embeddable":true,"href":"https:\/\/diariorepublica.com.ar\/web\/index.php\/wp-json\/wp\/v2\/comments?post=22330"}],"version-history":[{"count":1,"href":"https:\/\/diariorepublica.com.ar\/web\/index.php\/wp-json\/wp\/v2\/posts\/22330\/revisions"}],"predecessor-version":[{"id":22332,"href":"https:\/\/diariorepublica.com.ar\/web\/index.php\/wp-json\/wp\/v2\/posts\/22330\/revisions\/22332"}],"wp:featuredmedia":[{"embeddable":true,"href":"https:\/\/diariorepublica.com.ar\/web\/index.php\/wp-json\/wp\/v2\/media\/22331"}],"wp:attachment":[{"href":"https:\/\/diariorepublica.com.ar\/web\/index.php\/wp-json\/wp\/v2\/media?parent=22330"}],"wp:term":[{"taxonomy":"category","embeddable":true,"href":"https:\/\/diariorepublica.com.ar\/web\/index.php\/wp-json\/wp\/v2\/categories?post=22330"},{"taxonomy":"post_tag","embeddable":true,"href":"https:\/\/diariorepublica.com.ar\/web\/index.php\/wp-json\/wp\/v2\/tags?post=22330"}],"curies":[{"name":"wp","href":"https:\/\/api.w.org\/{rel}","templated":true}]}}