{"id":22354,"date":"2025-03-10T07:33:14","date_gmt":"2025-03-10T10:33:14","guid":{"rendered":"https:\/\/diariorepublica.com.ar\/web\/?p=22354"},"modified":"2025-03-10T07:33:17","modified_gmt":"2025-03-10T10:33:17","slug":"ventas-minoristas-treparon-un-24-interanual-en-febrero-pero-retrocedieron-a-nivel-mensual","status":"publish","type":"post","link":"https:\/\/diariorepublica.com.ar\/web\/index.php\/economia\/2025\/03\/10\/ventas-minoristas-treparon-un-24-interanual-en-febrero-pero-retrocedieron-a-nivel-mensual\/","title":{"rendered":"Ventas minoristas: treparon un 24% interanual en febrero pero retrocedieron a nivel mensual"},"content":{"rendered":"<p>Las ventas minoristas de las pymes exhibieron nuevamente una notoria mejora en febrero,<strong>\u00a0al crecer un 24% interanual<\/strong>, a precios constantes, aunque al igual que en enero no alcanz\u00f3 para recuperar la ca\u00edda del mismo mes del a\u00f1o pasado, de acuerdo a un relevamiento elaborado por la Confederaci\u00f3n Argentina de la Mediana Empresa (CAME).<\/p>\n<p>El dato significa el tercer aumento fuerte a nivel interanual, tras la suba del 17,7% de diciembre y del 25,5% de enero. Sin embargo, la performance del mes pasado<strong>\u00a0no fue suficiente para compensar toda la merma de febrero de 2024, cuando las ventas retrocedieron tambi\u00e9n un 25,5%.<\/strong><\/p>\n<p>En la comparaci\u00f3n mensual desestacionalizada, el \u00cdndice de Ventas Minoristas Pymes arroj\u00f3 que los comercios<strong>\u00a0registraron una nueva merma en el consumo del 2,9%<\/strong>\u00a0en el segundo mes del a\u00f1o frente a enero. Este descenso se suma a la baja del 0,5% frente a diciembre, cuando las compras no pudieron seguir el crecimiento del \u00faltimo mes del 2024.<\/p>\n<p>Al analizar el escenario relevado, desde CAME sostuvieron que<i>\u00a0\u201cel impacto positivo de estrategias de ventas, como<strong>\u00a0promociones y descuentos, impulsaron un movimiento distinto en muchos rubros\u00a0<\/strong>y generaron un ambiente de mejores ventas\u201d.<\/i><\/p>\n<p>Al respecto, precisaron que<i>\u00a0\u201crubros como librer\u00edas e indumentaria escolar se beneficiaron de la demanda previa al inicio del ciclo lectivo\u201d<\/i>\u00a0y destacaron que<i>\u00a0\u201cla adaptaci\u00f3n del comercio a nuevos h\u00e1bitos de consumo, con un aumento en las ventas online y facilidades de pago, contribuy\u00f3 a sostener ventas en distintos segmentos\u201d.<\/i><\/p>\n<p>En cuanto a las perspectivas para los meses venideros, proyectan que<i>\u00a0\u201ca pesar del incremento interanual en las ventas registrado en el \u00faltimo mes, el comercio enfrenta desaf\u00edos en los pr\u00f3ximos per\u00edodos, donde<strong>\u00a0la evoluci\u00f3n del poder adquisitivo de los consumidores ser\u00e1 un factor clave<\/strong>, dado que muchos encuestados se\u00f1alaron una marcada priorizaci\u00f3n de gastos esenciales\u201d<\/i>\u00a0y advirtieron que<i>\u00a0\u201cla competencia informal sigue siendo un tema recurrente, con menciones al impacto del comercio en pa\u00edses lim\u00edtrofes\u201d.<\/i><\/p>\n<p>En la misma l\u00ednea, anticiparon que<i><strong>\u00a0\u201cel aumento en los costos operativos y la evoluci\u00f3n de los precios ser\u00e1n determinantes en la rentabilidad del sector<\/strong>, ya que, mientras algunos comercios mencionaron mantener importes para incentivar el consumo, otros advirtieron el aumento del gasto en su estructura\u201d.<\/i><\/p>\n<p>En este marco, la entidad gremial-empresaria consider\u00f3 que<i>\u00a0\u201cla capacidad de los negocios para adaptarse a las condiciones econ\u00f3micas y ajustar sus estrategias ser\u00e1 esencial para sostener el crecimiento logrado y mitigar posibles ca\u00eddas en la demanda, especialmente en per\u00edodos de menor actividad\u201d.<\/i><\/p>\n<p>En febrero, los siete rubros relevados registraron subas interanuales en sus ventas. El mayor incremento se detect\u00f3 en Perfumer\u00eda (+33,1%), seguido por Alimentos y Bebidas (+33%) y Farmacia (+31,9%). En el acumulado del bimestre, lidera Alimentos y Bebidas con un aumento de +32,8%.<\/p>\n<p>En la comparaci\u00f3n intermensual desestacionalizada, todos los ramos presentaron variaciones negativas, siendo Calzado y Marroquiner\u00eda el que tuvo el mayor descenso (-5,4%) escoltado por Ferreter\u00eda, materiales el\u00e9ctricos y de la construcci\u00f3n (-4,3%).<\/p>\n<p>El rendimiento de cada rubro<\/p>\n<ul>\n<li>Alimentos y bebidas: las ventas subieron un 33% en la comparaci\u00f3n interanual, a precios constantes, acumulando un aumento del 32,8% en el primer bimestre del a\u00f1o. Sin embargo, en la comparaci\u00f3n intermensual desestacionalizada, se registr\u00f3 una ca\u00edda del 2,1%.<\/li>\n<li>Bazar, decoraci\u00f3n, textiles para el hogar y muebles: las ventas se incrementaron 24% interanual, siempre a precios constantes, sumando un incremento del 28,9%. En el contraste intermensual desestacionalizado, se observ\u00f3 una disminuci\u00f3n del 1,3%.<\/li>\n<li>Calzado y marroquiner\u00eda: las ventas crecieron un 23% interanual, acumulando un incremento del 21,4%. Aunque, en el intermensual se midi\u00f3 una ca\u00edda del 5,4%, la m\u00e1s pronunciada dentro del mes.<\/li>\n<li>Farmacia: las ventas mejoraron un 31,9% interanual y llevan un alza del 25,9% en el primer bimestre del 2025. En tanto, en la comparaci\u00f3n intermensual, siempre desestacionalizada, se registr\u00f3 un retroceso del 2,3%.<\/li>\n<li>Perfumer\u00eda: las ventas subieron un 33,1% interanual, y suman un incremento del 21,6% en el primer bimestre. Pero, en la comparaci\u00f3n intermensual, hubo un declive del -1,9%.<\/li>\n<li>Ferreter\u00eda, materiales el\u00e9ctricos y materiales de la construcci\u00f3n: las ventas tuvieron un ascenso del 28,3% y llegaron as\u00ed a un crecimiento del 21,7% en el bimestre. Por su parte, en el contraste intermensual bajaron 4,3%.<\/li>\n<li>Textil e indumentaria: las ventas prosperaron un 5,1% interanual, a precios constantes, acumulando un crecimiento del 15,8%. De todos modos, en la comparaci\u00f3n intermensual desestacionalizada, se observ\u00f3 una disminuci\u00f3n del -3%.<\/li>\n<\/ul>\n<p>NA<\/p>\n","protected":false},"excerpt":{"rendered":"<p>Las ventas minoristas de las pymes exhibieron nuevamente una notoria mejora en febrero,\u00a0al crecer un 24% interanual, a precios constantes,<\/p>\n","protected":false},"author":1,"featured_media":22355,"comment_status":"closed","ping_status":"closed","sticky":false,"template":"","format":"standard","meta":{"footnotes":"","jetpack_publicize_message":"","jetpack_publicize_feature_enabled":true,"jetpack_social_post_already_shared":true,"jetpack_social_options":{"image_generator_settings":{"template":"highway","enabled":false},"version":2}},"categories":[5],"tags":[],"class_list":["post-22354","post","type-post","status-publish","format-standard","has-post-thumbnail","hentry","category-economia"],"jetpack_publicize_connections":[],"_links":{"self":[{"href":"https:\/\/diariorepublica.com.ar\/web\/index.php\/wp-json\/wp\/v2\/posts\/22354"}],"collection":[{"href":"https:\/\/diariorepublica.com.ar\/web\/index.php\/wp-json\/wp\/v2\/posts"}],"about":[{"href":"https:\/\/diariorepublica.com.ar\/web\/index.php\/wp-json\/wp\/v2\/types\/post"}],"author":[{"embeddable":true,"href":"https:\/\/diariorepublica.com.ar\/web\/index.php\/wp-json\/wp\/v2\/users\/1"}],"replies":[{"embeddable":true,"href":"https:\/\/diariorepublica.com.ar\/web\/index.php\/wp-json\/wp\/v2\/comments?post=22354"}],"version-history":[{"count":1,"href":"https:\/\/diariorepublica.com.ar\/web\/index.php\/wp-json\/wp\/v2\/posts\/22354\/revisions"}],"predecessor-version":[{"id":22356,"href":"https:\/\/diariorepublica.com.ar\/web\/index.php\/wp-json\/wp\/v2\/posts\/22354\/revisions\/22356"}],"wp:featuredmedia":[{"embeddable":true,"href":"https:\/\/diariorepublica.com.ar\/web\/index.php\/wp-json\/wp\/v2\/media\/22355"}],"wp:attachment":[{"href":"https:\/\/diariorepublica.com.ar\/web\/index.php\/wp-json\/wp\/v2\/media?parent=22354"}],"wp:term":[{"taxonomy":"category","embeddable":true,"href":"https:\/\/diariorepublica.com.ar\/web\/index.php\/wp-json\/wp\/v2\/categories?post=22354"},{"taxonomy":"post_tag","embeddable":true,"href":"https:\/\/diariorepublica.com.ar\/web\/index.php\/wp-json\/wp\/v2\/tags?post=22354"}],"curies":[{"name":"wp","href":"https:\/\/api.w.org\/{rel}","templated":true}]}}