{"id":22369,"date":"2025-03-10T09:17:07","date_gmt":"2025-03-10T12:17:07","guid":{"rendered":"https:\/\/diariorepublica.com.ar\/web\/?p=22369"},"modified":"2025-03-10T09:17:08","modified_gmt":"2025-03-10T12:17:08","slug":"arcat-detecto-incumplimientos-fiscales-en-comercios-adheridos-a-dias-de-ensueno-y-one-shot","status":"publish","type":"post","link":"https:\/\/diariorepublica.com.ar\/web\/index.php\/economia\/2025\/03\/10\/arcat-detecto-incumplimientos-fiscales-en-comercios-adheridos-a-dias-de-ensueno-y-one-shot\/","title":{"rendered":"ARCAT detect\u00f3 incumplimientos fiscales en comercios adheridos a \u201cD\u00edas de Ensue\u00f1o\u201d y \u201cOne Shot\u201d"},"content":{"rendered":"<p>La Agencia de Recaudaci\u00f3n de Catamarca (ARCAT) llev\u00f3 a cabo un operativo de control sobre los contribuyentes cuyos comercios est\u00e1n adheridos a los programas de incentivo al consumo \u201cD\u00edas de Ensue\u00f1o\u201d y \u201cOne Shot\u201d, implementados de forma articulada entre el Gobierno, el Banco Naci\u00f3n y la Uni\u00f3n Comercial de Catamarca.<\/p>\n<p>En el proceso de fiscalizaci\u00f3n, se verific\u00f3 el cumplimiento de los deberes formales y materiales, es decir, la presentaci\u00f3n de la declaraci\u00f3n jurada, el pago correspondiente y la consistencia de la base imponible declarada.<\/p>\n<p>Los mismos arrojaron que aproximadamente el 30% del padr\u00f3n de contribuyentes presenta incumplimientos fiscales en sus obligaciones tributarias. Ante estas inconsistencias, se procedi\u00f3 a notificar a los comercios involucrados a trav\u00e9s de sus correos fiscales electr\u00f3nicos.<\/p>\n<p>Asimismo, el informe con los resultados fue elevado al Ministerio de Econom\u00eda, a trav\u00e9s de una reuni\u00f3n que se llev\u00f3 a cabo entre la ministra Alejandra Nazareno, el director ejecutivo de ARCAT, Pedro Monferr\u00e1n, y el director General de Rentas, Lisandro Ju\u00e1rez.<\/p>\n<p>Cabe destacar que el cumplimiento fiscal ser\u00e1 un requisito indispensable para continuar dentro de los programas de beneficios, y aquellos comercios que no regularicen su situaci\u00f3n podr\u00e1n ser excluidos. Este procedimiento de control se realizar\u00e1 de manera mensual y se informar\u00e1 peri\u00f3dicamente a las autoridades de Econom\u00eda.<\/p>\n","protected":false},"excerpt":{"rendered":"<p>La Agencia de Recaudaci\u00f3n de Catamarca (ARCAT) llev\u00f3 a cabo un operativo de control sobre los contribuyentes cuyos comercios est\u00e1n<\/p>\n","protected":false},"author":1,"featured_media":22370,"comment_status":"closed","ping_status":"closed","sticky":false,"template":"","format":"standard","meta":{"footnotes":"","jetpack_publicize_message":"","jetpack_publicize_feature_enabled":true,"jetpack_social_post_already_shared":true,"jetpack_social_options":{"image_generator_settings":{"template":"highway","enabled":false},"version":2}},"categories":[5],"tags":[],"class_list":["post-22369","post","type-post","status-publish","format-standard","has-post-thumbnail","hentry","category-economia"],"jetpack_publicize_connections":[],"_links":{"self":[{"href":"https:\/\/diariorepublica.com.ar\/web\/index.php\/wp-json\/wp\/v2\/posts\/22369"}],"collection":[{"href":"https:\/\/diariorepublica.com.ar\/web\/index.php\/wp-json\/wp\/v2\/posts"}],"about":[{"href":"https:\/\/diariorepublica.com.ar\/web\/index.php\/wp-json\/wp\/v2\/types\/post"}],"author":[{"embeddable":true,"href":"https:\/\/diariorepublica.com.ar\/web\/index.php\/wp-json\/wp\/v2\/users\/1"}],"replies":[{"embeddable":true,"href":"https:\/\/diariorepublica.com.ar\/web\/index.php\/wp-json\/wp\/v2\/comments?post=22369"}],"version-history":[{"count":1,"href":"https:\/\/diariorepublica.com.ar\/web\/index.php\/wp-json\/wp\/v2\/posts\/22369\/revisions"}],"predecessor-version":[{"id":22371,"href":"https:\/\/diariorepublica.com.ar\/web\/index.php\/wp-json\/wp\/v2\/posts\/22369\/revisions\/22371"}],"wp:featuredmedia":[{"embeddable":true,"href":"https:\/\/diariorepublica.com.ar\/web\/index.php\/wp-json\/wp\/v2\/media\/22370"}],"wp:attachment":[{"href":"https:\/\/diariorepublica.com.ar\/web\/index.php\/wp-json\/wp\/v2\/media?parent=22369"}],"wp:term":[{"taxonomy":"category","embeddable":true,"href":"https:\/\/diariorepublica.com.ar\/web\/index.php\/wp-json\/wp\/v2\/categories?post=22369"},{"taxonomy":"post_tag","embeddable":true,"href":"https:\/\/diariorepublica.com.ar\/web\/index.php\/wp-json\/wp\/v2\/tags?post=22369"}],"curies":[{"name":"wp","href":"https:\/\/api.w.org\/{rel}","templated":true}]}}