{"id":22372,"date":"2025-03-10T09:43:41","date_gmt":"2025-03-10T12:43:41","guid":{"rendered":"https:\/\/diariorepublica.com.ar\/web\/?p=22372"},"modified":"2025-03-10T09:43:44","modified_gmt":"2025-03-10T12:43:44","slug":"desde-hoy-y-hasta-el-domingo-se-puede-comprar-con-el-one-shot-plus-alimentos","status":"publish","type":"post","link":"https:\/\/diariorepublica.com.ar\/web\/index.php\/locales\/2025\/03\/10\/desde-hoy-y-hasta-el-domingo-se-puede-comprar-con-el-one-shot-plus-alimentos\/","title":{"rendered":"Desde hoy y hasta el domingo, se puede comprar con el One Shot Plus Alimentos"},"content":{"rendered":"<p>El Ministerio de Econom\u00eda informa que desde hoy lunes 10 al domingo 16 de marzo se llevar\u00e1 a cabo una nueva edici\u00f3n del programa One Shot Plus Alimentos en el territorio provincial.<\/p>\n<p>Durante estos d\u00edas se podr\u00e1n comprar alimentos con descuentos del 50% en comercios locales adheridos con tarjetas de d\u00e9bito y cr\u00e9dito del Banco Naci\u00f3n Argentina, a trav\u00e9s del escaneo de c\u00f3digo QR de Modo BNA y BNA+.<\/p>\n<p>La n\u00f3mina completa de comercios adheridos puede consultarse en el Portal Gobierno de Catamarca accediendo al link\u00a0<a href=\"https:\/\/portal.catamarca.gob.ar\/paginas\/one-shot-plus-175\" target=\"_blank\" rel=\"noopener\" data-saferedirecturl=\"https:\/\/www.google.com\/url?q=https:\/\/portal.catamarca.gob.ar\/paginas\/one-shot-plus-175&amp;source=gmail&amp;ust=1741694214886000&amp;usg=AOvVaw1wN8Cm6ACiDFXJgK_GROif\">https:\/\/portal.catamarca.gob.ar\/paginas\/one-shot-plus-175<\/a>\u00a0y en la app Mi Catamarca.<\/p>\n<p>Se recuerda que, para efectuar reclamos, los beneficiarios deben completar el formulario en\u00a0<a href=\"https:\/\/reclamos-dias-ensueno.catamarca.gob.ar\/ui\/\" target=\"_blank\" rel=\"noopener\" data-saferedirecturl=\"https:\/\/www.google.com\/url?q=https:\/\/reclamos-dias-ensueno.catamarca.gob.ar\/ui\/&amp;source=gmail&amp;ust=1741694214886000&amp;usg=AOvVaw2z0oEPB89y5JrySxeVbDXt\">https:\/\/reclamos-dias-ensueno.catamarca.gob.ar\/ui\/<\/a><\/p>\n","protected":false},"excerpt":{"rendered":"<p>El Ministerio de Econom\u00eda informa que desde hoy lunes 10 al domingo 16 de marzo se llevar\u00e1 a cabo una<\/p>\n","protected":false},"author":1,"featured_media":22373,"comment_status":"closed","ping_status":"closed","sticky":false,"template":"","format":"standard","meta":{"footnotes":"","jetpack_publicize_message":"","jetpack_publicize_feature_enabled":true,"jetpack_social_post_already_shared":true,"jetpack_social_options":{"image_generator_settings":{"template":"highway","enabled":false},"version":2}},"categories":[2],"tags":[],"class_list":["post-22372","post","type-post","status-publish","format-standard","has-post-thumbnail","hentry","category-locales"],"jetpack_publicize_connections":[],"_links":{"self":[{"href":"https:\/\/diariorepublica.com.ar\/web\/index.php\/wp-json\/wp\/v2\/posts\/22372"}],"collection":[{"href":"https:\/\/diariorepublica.com.ar\/web\/index.php\/wp-json\/wp\/v2\/posts"}],"about":[{"href":"https:\/\/diariorepublica.com.ar\/web\/index.php\/wp-json\/wp\/v2\/types\/post"}],"author":[{"embeddable":true,"href":"https:\/\/diariorepublica.com.ar\/web\/index.php\/wp-json\/wp\/v2\/users\/1"}],"replies":[{"embeddable":true,"href":"https:\/\/diariorepublica.com.ar\/web\/index.php\/wp-json\/wp\/v2\/comments?post=22372"}],"version-history":[{"count":1,"href":"https:\/\/diariorepublica.com.ar\/web\/index.php\/wp-json\/wp\/v2\/posts\/22372\/revisions"}],"predecessor-version":[{"id":22374,"href":"https:\/\/diariorepublica.com.ar\/web\/index.php\/wp-json\/wp\/v2\/posts\/22372\/revisions\/22374"}],"wp:featuredmedia":[{"embeddable":true,"href":"https:\/\/diariorepublica.com.ar\/web\/index.php\/wp-json\/wp\/v2\/media\/22373"}],"wp:attachment":[{"href":"https:\/\/diariorepublica.com.ar\/web\/index.php\/wp-json\/wp\/v2\/media?parent=22372"}],"wp:term":[{"taxonomy":"category","embeddable":true,"href":"https:\/\/diariorepublica.com.ar\/web\/index.php\/wp-json\/wp\/v2\/categories?post=22372"},{"taxonomy":"post_tag","embeddable":true,"href":"https:\/\/diariorepublica.com.ar\/web\/index.php\/wp-json\/wp\/v2\/tags?post=22372"}],"curies":[{"name":"wp","href":"https:\/\/api.w.org\/{rel}","templated":true}]}}