{"id":22378,"date":"2025-03-11T07:27:51","date_gmt":"2025-03-11T10:27:51","guid":{"rendered":"https:\/\/diariorepublica.com.ar\/web\/?p=22378"},"modified":"2025-03-11T07:27:54","modified_gmt":"2025-03-11T10:27:54","slug":"la-capital-invita-a-vecinos-al-ciclo-de-encuentros-reflexiones-sobre-juventudes-para-el-bienestar-de-ninos-ninas-y-adolescentes","status":"publish","type":"post","link":"https:\/\/diariorepublica.com.ar\/web\/index.php\/sociedad\/2025\/03\/11\/la-capital-invita-a-vecinos-al-ciclo-de-encuentros-reflexiones-sobre-juventudes-para-el-bienestar-de-ninos-ninas-y-adolescentes\/","title":{"rendered":"La Capital invita a vecinos al ciclo de encuentros: \u00abReflexiones sobre Juventudes\u00bb para el bienestar de ni\u00f1os, ni\u00f1as y adolescentes"},"content":{"rendered":"<p style=\"font-weight: 400;\">La Municipalidad de la Capital, a trav\u00e9s de la Direcci\u00f3n de Desarrollo Humano encabezada por Mat\u00edas Ter\u00e1n, dependiente de la Secretar\u00eda de Salud, Desarrollo Humano y Pol\u00edticas Sociales dirigida por Alberto Natella, invita a todos los vecinos a participar del ciclo de encuentros \u00abReflexiones sobre Juventudes\u00bb, organizado por el programa \u00abMotivados por la vida\u00bb. Este espacio de di\u00e1logo y aprendizaje tiene como objetivo principal mejorar las condiciones de vida de ni\u00f1os, ni\u00f1as y adolescentes de nuestra comunidad.<\/p>\n<p style=\"font-weight: 400;\">Esta propuesta, que se llevar\u00e1 a cabo los segundos jueves de cada mes desde marzo hasta noviembre de 2025, se desarrollar\u00e1 en formato de entrevistas con expertos en diversas \u00e1reas. El primer encuentro, programado para el jueves 13 de marzo de 9:00 a 11:00 horas en el Sal\u00f3n Calchaqu\u00ed (Sarmiento 450), abordar\u00e1 el tema del bienestar integral, con la participaci\u00f3n de las profesionales de la salud Dr. Jorge Mart\u00ednez, Dra. Fernanda Lagoria y la Licenciada Patricia Perricone.<\/p>\n<p style=\"font-weight: 400;\">En la primera jornada, se tratar\u00e1n temas fundamentales como las horas de sue\u00f1o necesarias para un desarrollo saludable, la importancia de una alimentaci\u00f3n equilibrada, la influencia de la imagen corporal en la autoestima y los beneficios de la actividad f\u00edsica para el bienestar f\u00edsico y mental.<\/p>\n<p style=\"font-weight: 400;\">\u00abReflexiones sobre Juventudes\u00bb busca generar un espacio de reflexi\u00f3n y debate sobre las problem\u00e1ticas que afectan a ni\u00f1os, ni\u00f1as y adolescentes, y promover la construcci\u00f3n de una comunidad m\u00e1s inclusiva y comprometida con su bienestar.<\/p>\n<p style=\"font-weight: 400;\">Este ciclo de encuentros se suma a las acciones que la Municipalidad de la Capital viene desarrollando en el marco del programa Planet Youth, un modelo que se implement\u00f3 en Islandia basado en la evidencia cient\u00edfica que busca aumentar los factores de protecci\u00f3n y disminuir los riesgos de adicciones de las ni\u00f1as, ni\u00f1os y adolescentes.<\/p>\n","protected":false},"excerpt":{"rendered":"<p>La Municipalidad de la Capital, a trav\u00e9s de la Direcci\u00f3n de Desarrollo Humano encabezada por Mat\u00edas Ter\u00e1n, dependiente de la<\/p>\n","protected":false},"author":1,"featured_media":22379,"comment_status":"closed","ping_status":"closed","sticky":false,"template":"","format":"standard","meta":{"footnotes":"","jetpack_publicize_message":"","jetpack_publicize_feature_enabled":true,"jetpack_social_post_already_shared":true,"jetpack_social_options":{"image_generator_settings":{"template":"highway","enabled":false},"version":2}},"categories":[3],"tags":[],"class_list":["post-22378","post","type-post","status-publish","format-standard","has-post-thumbnail","hentry","category-sociedad"],"jetpack_publicize_connections":[],"_links":{"self":[{"href":"https:\/\/diariorepublica.com.ar\/web\/index.php\/wp-json\/wp\/v2\/posts\/22378"}],"collection":[{"href":"https:\/\/diariorepublica.com.ar\/web\/index.php\/wp-json\/wp\/v2\/posts"}],"about":[{"href":"https:\/\/diariorepublica.com.ar\/web\/index.php\/wp-json\/wp\/v2\/types\/post"}],"author":[{"embeddable":true,"href":"https:\/\/diariorepublica.com.ar\/web\/index.php\/wp-json\/wp\/v2\/users\/1"}],"replies":[{"embeddable":true,"href":"https:\/\/diariorepublica.com.ar\/web\/index.php\/wp-json\/wp\/v2\/comments?post=22378"}],"version-history":[{"count":1,"href":"https:\/\/diariorepublica.com.ar\/web\/index.php\/wp-json\/wp\/v2\/posts\/22378\/revisions"}],"predecessor-version":[{"id":22380,"href":"https:\/\/diariorepublica.com.ar\/web\/index.php\/wp-json\/wp\/v2\/posts\/22378\/revisions\/22380"}],"wp:featuredmedia":[{"embeddable":true,"href":"https:\/\/diariorepublica.com.ar\/web\/index.php\/wp-json\/wp\/v2\/media\/22379"}],"wp:attachment":[{"href":"https:\/\/diariorepublica.com.ar\/web\/index.php\/wp-json\/wp\/v2\/media?parent=22378"}],"wp:term":[{"taxonomy":"category","embeddable":true,"href":"https:\/\/diariorepublica.com.ar\/web\/index.php\/wp-json\/wp\/v2\/categories?post=22378"},{"taxonomy":"post_tag","embeddable":true,"href":"https:\/\/diariorepublica.com.ar\/web\/index.php\/wp-json\/wp\/v2\/tags?post=22378"}],"curies":[{"name":"wp","href":"https:\/\/api.w.org\/{rel}","templated":true}]}}