{"id":22393,"date":"2025-03-11T00:54:00","date_gmt":"2025-03-11T03:54:00","guid":{"rendered":"https:\/\/diariorepublica.com.ar\/web\/?p=22393"},"modified":"2025-03-11T07:56:20","modified_gmt":"2025-03-11T10:56:20","slug":"bahia-blanca-al-menos-el-70-de-la-poblacion-sufrio-danos-en-el-temporal","status":"publish","type":"post","link":"https:\/\/diariorepublica.com.ar\/web\/index.php\/nacionales\/2025\/03\/11\/bahia-blanca-al-menos-el-70-de-la-poblacion-sufrio-danos-en-el-temporal\/","title":{"rendered":"Bah\u00eda Blanca: al menos el 70% de la poblaci\u00f3n sufri\u00f3 da\u00f1os en el temporal"},"content":{"rendered":"<p>El intendente de Bah\u00eda Blanca, Federico Susbielles, estim\u00f3 que \u00abno menos del 70% de la gente sufri\u00f3 da\u00f1os\u00bb en el temporal ocurrido el \u00faltimo viernes, en el que hasta ahora murieron 16 personas. Adem\u00e1s, confirm\u00f3 que la cifra de evacuados descendi\u00f3 a 523, luego de haber llegado a m\u00e1s de 1.000 durante el fin de semana. \u00abMuchas familias lo perdieron todo\u00bb, lament\u00f3.<\/p>\n<p>Durante una conferencia de prensa ofrecida este lunes, Susbielles destac\u00f3 que \u00abel agua baj\u00f3 pr\u00e1cticamente en toda la ciudad\u00bb y describi\u00f3 que cada a\u00f1o llueven 600 mm. en su partido y s\u00f3lo durante el fen\u00f3meno clim\u00e1tico cayeron 400 mm. de agua. \u00abLa etapa de emergencia empieza a quedar atr\u00e1s. Entramos en un proceso de estabilizaci\u00f3n de la ciudad para retomar poco a poco a la normalidad\u00bb, dijo el jefe comunal.<\/p>\n<p>\u00abLa situaci\u00f3n del agua ha ido cediendo paulatinamente.\u00a0<strong>Ingeniero White, Boulevard y Saladero empiezan a retomar la normalidad<\/strong>, del mismo modo que el casco hist\u00f3rico\u00bb, cont\u00f3 el Intendente. \u00abQueda la calle final antes del ingreso al puerto, que tiene aproximadamente 30 cent\u00edmetros de agua. Estamos trabajando con gente de hidr\u00e1ulica para ver de qu\u00e9 manera la vamos a desagotar\u00bb, agreg\u00f3.<\/p>\n<p>Tambi\u00e9n asegur\u00f3 que en\u00a0<strong>General Daniel Cerri a\u00fan hay agua en una zona de quintas<\/strong>, \u00absin riesgo para la gente que est\u00e1 en el lugar\u00bb, mientras que el Ej\u00e9rcito trabaja con camiones especiales para asistir a las familias afectadas. Y en cuanto a los barrios\u00a0<strong>17 de Agosto, Viajantes del Sur y Villa Hip\u00f3dromo<\/strong>, explic\u00f3 que \u00abson ollas, hondonadas\u00bb, por lo que se trabaja con tres bombas para drenar el agua de manera progresiva.<\/p>\n<p>\u00a0<\/p>\n\n\n<p><\/p>\n","protected":false},"excerpt":{"rendered":"<p>El intendente de Bah\u00eda Blanca, Federico Susbielles, estim\u00f3 que \u00abno menos del 70% de la gente sufri\u00f3 da\u00f1os\u00bb en el<\/p>\n","protected":false},"author":1,"featured_media":22394,"comment_status":"closed","ping_status":"closed","sticky":false,"template":"","format":"standard","meta":{"footnotes":"","jetpack_publicize_message":"","jetpack_publicize_feature_enabled":true,"jetpack_social_post_already_shared":true,"jetpack_social_options":{"image_generator_settings":{"template":"highway","enabled":false},"version":2}},"categories":[4],"tags":[],"class_list":["post-22393","post","type-post","status-publish","format-standard","has-post-thumbnail","hentry","category-nacionales"],"jetpack_publicize_connections":[],"_links":{"self":[{"href":"https:\/\/diariorepublica.com.ar\/web\/index.php\/wp-json\/wp\/v2\/posts\/22393"}],"collection":[{"href":"https:\/\/diariorepublica.com.ar\/web\/index.php\/wp-json\/wp\/v2\/posts"}],"about":[{"href":"https:\/\/diariorepublica.com.ar\/web\/index.php\/wp-json\/wp\/v2\/types\/post"}],"author":[{"embeddable":true,"href":"https:\/\/diariorepublica.com.ar\/web\/index.php\/wp-json\/wp\/v2\/users\/1"}],"replies":[{"embeddable":true,"href":"https:\/\/diariorepublica.com.ar\/web\/index.php\/wp-json\/wp\/v2\/comments?post=22393"}],"version-history":[{"count":1,"href":"https:\/\/diariorepublica.com.ar\/web\/index.php\/wp-json\/wp\/v2\/posts\/22393\/revisions"}],"predecessor-version":[{"id":22395,"href":"https:\/\/diariorepublica.com.ar\/web\/index.php\/wp-json\/wp\/v2\/posts\/22393\/revisions\/22395"}],"wp:featuredmedia":[{"embeddable":true,"href":"https:\/\/diariorepublica.com.ar\/web\/index.php\/wp-json\/wp\/v2\/media\/22394"}],"wp:attachment":[{"href":"https:\/\/diariorepublica.com.ar\/web\/index.php\/wp-json\/wp\/v2\/media?parent=22393"}],"wp:term":[{"taxonomy":"category","embeddable":true,"href":"https:\/\/diariorepublica.com.ar\/web\/index.php\/wp-json\/wp\/v2\/categories?post=22393"},{"taxonomy":"post_tag","embeddable":true,"href":"https:\/\/diariorepublica.com.ar\/web\/index.php\/wp-json\/wp\/v2\/tags?post=22393"}],"curies":[{"name":"wp","href":"https:\/\/api.w.org\/{rel}","templated":true}]}}