{"id":22399,"date":"2025-03-11T08:04:26","date_gmt":"2025-03-11T11:04:26","guid":{"rendered":"https:\/\/diariorepublica.com.ar\/web\/?p=22399"},"modified":"2025-03-11T08:04:28","modified_gmt":"2025-03-11T11:04:28","slug":"el-papa-francisco-mejora-y-los-medicos-le-retiraron-el-pronostico-reservado","status":"publish","type":"post","link":"https:\/\/diariorepublica.com.ar\/web\/index.php\/internacionales\/2025\/03\/11\/el-papa-francisco-mejora-y-los-medicos-le-retiraron-el-pronostico-reservado\/","title":{"rendered":"El papa Francisco mejora y los m\u00e9dicos le retiraron el pron\u00f3stico reservado"},"content":{"rendered":"<p>El papa Francisco recibi\u00f3 este martes buenas noticias sobre su estado de salud, ya que los m\u00e9dicos del hospital Gemelli de Roma mejoraron su pron\u00f3stico y confirmaron que ya no est\u00e1 en peligro inminente tras la neumon\u00eda bilateral que lo ha mantenido internado desde el 14 de febrero.<\/p>\n<p>Sin embargo, el pont\u00edfice seguir\u00e1 hospitalizado algunos d\u00edas m\u00e1s para continuar con el tratamiento m\u00e9dico y evitar reca\u00eddas, especialmente debido a su fragilidad y edad avanzada.<\/p>\n<p>Un estado estable, pero con precauciones<br \/>\nEl Vaticano inform\u00f3 que Francisco, de 88 a\u00f1os, pas\u00f3 una noche tranquila y se despert\u00f3 alrededor de las 8 de la ma\u00f1ana, lo que refleja una rutina m\u00e1s relajada en comparaci\u00f3n con su horario habitual en el Vaticano, donde comienza su d\u00eda a las 4:30.<\/p>\n<p>Los m\u00e9dicos decidieron retirar el pron\u00f3stico \u00abreservado\u00bb que manten\u00edan hasta ahora, lo que significa que consideran que su estado ya no es cr\u00edtico. Sin embargo, alertaron que su recuperaci\u00f3n sigue en curso y requiere de estrictos cuidados.<\/p>\n<p>El papa contin\u00faa con ox\u00edgeno suplementario durante el d\u00eda y una m\u00e1scara de ventilaci\u00f3n por la noche para ayudar a su respiraci\u00f3n. Adem\u00e1s, los an\u00e1lisis m\u00e9dicos recientes muestran una respuesta positiva al tratamiento.<\/p>\n","protected":false},"excerpt":{"rendered":"<p>El papa Francisco recibi\u00f3 este martes buenas noticias sobre su estado de salud, ya que los m\u00e9dicos del hospital Gemelli<\/p>\n","protected":false},"author":1,"featured_media":22400,"comment_status":"closed","ping_status":"closed","sticky":false,"template":"","format":"standard","meta":{"footnotes":"","jetpack_publicize_message":"","jetpack_publicize_feature_enabled":true,"jetpack_social_post_already_shared":true,"jetpack_social_options":{"image_generator_settings":{"template":"highway","enabled":false},"version":2}},"categories":[6],"tags":[],"class_list":["post-22399","post","type-post","status-publish","format-standard","has-post-thumbnail","hentry","category-internacionales"],"jetpack_publicize_connections":[],"_links":{"self":[{"href":"https:\/\/diariorepublica.com.ar\/web\/index.php\/wp-json\/wp\/v2\/posts\/22399"}],"collection":[{"href":"https:\/\/diariorepublica.com.ar\/web\/index.php\/wp-json\/wp\/v2\/posts"}],"about":[{"href":"https:\/\/diariorepublica.com.ar\/web\/index.php\/wp-json\/wp\/v2\/types\/post"}],"author":[{"embeddable":true,"href":"https:\/\/diariorepublica.com.ar\/web\/index.php\/wp-json\/wp\/v2\/users\/1"}],"replies":[{"embeddable":true,"href":"https:\/\/diariorepublica.com.ar\/web\/index.php\/wp-json\/wp\/v2\/comments?post=22399"}],"version-history":[{"count":1,"href":"https:\/\/diariorepublica.com.ar\/web\/index.php\/wp-json\/wp\/v2\/posts\/22399\/revisions"}],"predecessor-version":[{"id":22401,"href":"https:\/\/diariorepublica.com.ar\/web\/index.php\/wp-json\/wp\/v2\/posts\/22399\/revisions\/22401"}],"wp:featuredmedia":[{"embeddable":true,"href":"https:\/\/diariorepublica.com.ar\/web\/index.php\/wp-json\/wp\/v2\/media\/22400"}],"wp:attachment":[{"href":"https:\/\/diariorepublica.com.ar\/web\/index.php\/wp-json\/wp\/v2\/media?parent=22399"}],"wp:term":[{"taxonomy":"category","embeddable":true,"href":"https:\/\/diariorepublica.com.ar\/web\/index.php\/wp-json\/wp\/v2\/categories?post=22399"},{"taxonomy":"post_tag","embeddable":true,"href":"https:\/\/diariorepublica.com.ar\/web\/index.php\/wp-json\/wp\/v2\/tags?post=22399"}],"curies":[{"name":"wp","href":"https:\/\/api.w.org\/{rel}","templated":true}]}}