{"id":22417,"date":"2025-03-12T00:30:00","date_gmt":"2025-03-12T03:30:00","guid":{"rendered":"https:\/\/diariorepublica.com.ar\/web\/?p=22417"},"modified":"2025-03-12T07:31:38","modified_gmt":"2025-03-12T10:31:38","slug":"el-senado-dio-media-sancion-a-la-suspension-de-las-paso-en-la-provincia","status":"publish","type":"post","link":"https:\/\/diariorepublica.com.ar\/web\/index.php\/locales\/2025\/03\/12\/el-senado-dio-media-sancion-a-la-suspension-de-las-paso-en-la-provincia\/","title":{"rendered":"EL Senado di\u00f3 media sanci\u00f3n a la suspensi\u00f3n de las PASO en la Provincia"},"content":{"rendered":"<p>Este martes, el Senado de Catamarca se reuni\u00f3 en su primera sesi\u00f3n especial del a\u00f1o encabezada por su presidente provisorio senador Horacio Guti\u00e9rrez, en la que, por unanimidad, el Cuerpo legislativo dio media sanci\u00f3n al proyecto de Ley que promueve suspender por \u00fanica vez las \u201cElecciones Primarias, Abiertas, Simult\u00e1neas y Obligatorias\u201d para la elecci\u00f3n de autoridades Provinciales durante el a\u00f1o 2025.<\/p>\n<p>Contando con despacho de Comisi\u00f3n, la senadora Virginia Del Arco ofici\u00f3 de miembro informante y durante sus expresiones fue clara al sostener que este proyecto \u201crefleja la necesidad de adecuar nuestro sistema electoral para este a\u00f1o, a las realidades pol\u00edticas y econ\u00f3micas que atraviesa el pa\u00eds\u201d.<\/p>\n<p>En su rol de dirigente pol\u00edtica peronista, la Senadora observ\u00f3 que las PASO \u201cson una herramienta que sirve para la democratizaci\u00f3n de las candidaturas, que muchos partidos las han utilizado para dirimir las renovaciones internas con legitimidad popular\u201d.<\/p>\n<p>\u201cQuiero subrayar que la democracia no es un gasto, sino una inversi\u00f3n social, la democracia no puede ser medida en t\u00e9rminos contables, es un derecho que debe ser garantizado por el Estado; pero tampoco podemos ser necios y negar la situaci\u00f3n econ\u00f3mica que estamos atravesando, la cual es generada por el Gobierno nacional que de forma arbitraria y d\u00e9spota ha recortado los recursos que le corresponden legalmente a la provincia\u201d expres\u00f3 Del Arco al tiempo hacer hincapi\u00e9 en que hoy se est\u00e1 tomando \u201cuna decisi\u00f3n compleja pero necesaria para garantizar la estabilidad institucional y la sostenibilidad econ\u00f3mica de nuestra provincia\u201d.<\/p>\n<p>Por su parte, el presidente del Bloque de la UCR, senador Ariel Cordero se\u00f1al\u00f3 que se est\u00e1 ante el tratamiento de \u00a0un proyecto muy sensible para la pol\u00edtica puertas adentro, adem\u00e1s de considerar el descreimiento de una parte de la sociedad en la que \u201cno hay ganas de ir a estos procesos electorales\u201d.<\/p>\n<p>\u201cNo estamos bien ni pol\u00edtica ni econ\u00f3micamente\u201d apunt\u00f3 el Senador tras agregar que tampoco se debe tener e ir a unas elecciones por una \u201ccuesti\u00f3n caprichosa\u201d y si bien reconoci\u00f3 ser producto de las PASO apunt\u00f3 que no son es el mismo momento que se est\u00e1 viviendo ahora.<\/p>\n<p>El Legislador por Ancasti adelant\u00f3 su acompa\u00f1amiento en esta oportunidad aunque apel\u00f3 que este ahorro que se pretende \u201cvuelva a mejorar las condiciones de los ciudadanos y a asus necesidades reales\u201d.<\/p>\n<p>A continuaci\u00f3n tom\u00f3 la palabra el senador Guillermo Ferreyra quien subray\u00f3 en varios tramos la defensa de la participaci\u00f3n democr\u00e1tica considerando que la situaci\u00f3n actual por las decisiones del presidente de la Naci\u00f3n, hoy los lleva a tomar decisiones que van en contra de los dirigentes pol\u00edticos y de los mismos ciudadanos.<\/p>\n<p>En este sentido, lament\u00f3 que con la eliminaci\u00f3n de las Paso se vuelva a las \u201cmesas chicas\u201d.<br \/>\n\u201cBusquemos otras alternativas\u201d pidi\u00f3 Ferreyra al tiempo de proponer que las Primarias sean casi en simult\u00e1neo con las generales.<\/p>\n<p>\u201cComo dependemos de la coparticipaci\u00f3n federal y de los recursos que cada vez son m\u00e1s magros, c\u00f3mo hacemos para sostener la participaci\u00f3n en la democratizaci\u00f3n pol\u00edtica\u201d interrog\u00f3 el senador por Fray Mamerto Esqui\u00fa mientras remarc\u00f3 que hoy se tiene que acompa\u00f1ar, aun aquellos no est\u00e1n de acuerdo.<\/p>\n<p>\u201cNo podemos gastar lo que no tenemos, pero si tenemos que trabajar para los pr\u00f3ximos procesos y que esto no sea la excusa para achicar la participaci\u00f3n democr\u00e1tica\u201d consider\u00f3 tras destacar que \u201cesta es una acci\u00f3n concatenada m\u00e1s, de vedar la posibilidad de la participaci\u00f3n democr\u00e1tica en cada rinc\u00f3n de la argentina y provincia para elegir sus representantes\u201d.<br \/>\nEl proyecto de Ley con el acompa\u00f1amiento un\u00e1nime fue girado a la C\u00e1mara de Diputados para el tratamiento correspondiente.<\/p>\n","protected":false},"excerpt":{"rendered":"<p>Este martes, el Senado de Catamarca se reuni\u00f3 en su primera sesi\u00f3n especial del a\u00f1o encabezada por su presidente provisorio<\/p>\n","protected":false},"author":1,"featured_media":22418,"comment_status":"closed","ping_status":"closed","sticky":false,"template":"","format":"standard","meta":{"footnotes":"","jetpack_publicize_message":"","jetpack_publicize_feature_enabled":true,"jetpack_social_post_already_shared":true,"jetpack_social_options":{"image_generator_settings":{"template":"highway","enabled":false},"version":2}},"categories":[2],"tags":[],"class_list":["post-22417","post","type-post","status-publish","format-standard","has-post-thumbnail","hentry","category-locales"],"jetpack_publicize_connections":[],"_links":{"self":[{"href":"https:\/\/diariorepublica.com.ar\/web\/index.php\/wp-json\/wp\/v2\/posts\/22417"}],"collection":[{"href":"https:\/\/diariorepublica.com.ar\/web\/index.php\/wp-json\/wp\/v2\/posts"}],"about":[{"href":"https:\/\/diariorepublica.com.ar\/web\/index.php\/wp-json\/wp\/v2\/types\/post"}],"author":[{"embeddable":true,"href":"https:\/\/diariorepublica.com.ar\/web\/index.php\/wp-json\/wp\/v2\/users\/1"}],"replies":[{"embeddable":true,"href":"https:\/\/diariorepublica.com.ar\/web\/index.php\/wp-json\/wp\/v2\/comments?post=22417"}],"version-history":[{"count":1,"href":"https:\/\/diariorepublica.com.ar\/web\/index.php\/wp-json\/wp\/v2\/posts\/22417\/revisions"}],"predecessor-version":[{"id":22419,"href":"https:\/\/diariorepublica.com.ar\/web\/index.php\/wp-json\/wp\/v2\/posts\/22417\/revisions\/22419"}],"wp:featuredmedia":[{"embeddable":true,"href":"https:\/\/diariorepublica.com.ar\/web\/index.php\/wp-json\/wp\/v2\/media\/22418"}],"wp:attachment":[{"href":"https:\/\/diariorepublica.com.ar\/web\/index.php\/wp-json\/wp\/v2\/media?parent=22417"}],"wp:term":[{"taxonomy":"category","embeddable":true,"href":"https:\/\/diariorepublica.com.ar\/web\/index.php\/wp-json\/wp\/v2\/categories?post=22417"},{"taxonomy":"post_tag","embeddable":true,"href":"https:\/\/diariorepublica.com.ar\/web\/index.php\/wp-json\/wp\/v2\/tags?post=22417"}],"curies":[{"name":"wp","href":"https:\/\/api.w.org\/{rel}","templated":true}]}}