{"id":22465,"date":"2025-03-13T00:07:00","date_gmt":"2025-03-13T03:07:00","guid":{"rendered":"https:\/\/diariorepublica.com.ar\/web\/?p=22465"},"modified":"2025-03-13T07:49:16","modified_gmt":"2025-03-13T10:49:16","slug":"cordoba-9-anos-de-prision-a-edgar-adhemar-bacchiani","status":"publish","type":"post","link":"https:\/\/diariorepublica.com.ar\/web\/index.php\/sociedad\/2025\/03\/13\/cordoba-9-anos-de-prision-a-edgar-adhemar-bacchiani\/","title":{"rendered":"C\u00f3rdoba: 9 a\u00f1os de prisi\u00f3n a Edgar Adhemar Bacchiani"},"content":{"rendered":"<p>La C\u00e1mara 10\u00aa del Crimen de C\u00f3rdoba conden\u00f3 a 9 a\u00f1os de prisi\u00f3n al\u00a0<i>trader<\/i>\u00a0catamarque\u00f1o\u00a0<strong>Edgar Adhemar Bacchiani (48)<\/strong>\u00a0por haber estafado a 50 ahorristas cordobeses que le entregaron elevadas sumas de dinero en el local que hab\u00eda abierto en barrio Cerro de las Rosas.<\/p>\n<p>De este modo, concluy\u00f3 el primer juicio que se le hace a quien se autodenomin\u00f3 \u00abGod trader\u00bb por sus supuestas habilidades para las inversiones y que acumula cientos de denuncias de personas que le confiaron capital para que les brinde rendimientos elevados.<\/p>\n<p>Este primer juicio, a partir del expediente instruido por la fiscal Valeria Rissi, tuvo el car\u00e1cter de abreviado, al haberse llegado a un\u00a0<strong>acuerdo de partes entre el fiscal Gustavo Arocena y Eduardo G\u00f3mez Caminos, por 10 a\u00f1os de prisi\u00f3n\u00a0<\/strong>a cambio del reconocimiento de todos los hechos de \u00abestafas reiteradas\u00bb.<\/p>\n<p>En su alegato, G\u00f3mez Caminos solicit\u00f3 una morigeraci\u00f3n de la pena, que tuvo algo de respuesta en el tribunal, que rebaj\u00f3 un a\u00f1o la pena acordada. De todos modos, el monto de la condena se considera elevado, m\u00e1s teniendo en cuenta que le resta afrontar otros juicios en C\u00f3rdoba y en Catamarca, donde tambi\u00e9n cosech\u00f3 cientos de denuncias.<\/p>\n<p>Por otra parte, la sentencia escuchada en la siesta de este mi\u00e9rcoles en Tribunales 2 de la ciudad de C\u00f3rdoba orden\u00f3 el decomiso de los tel\u00e9fonos y decomiso de los tel\u00e9fonos y dispositivos electr\u00f3nicos.<\/p>\n","protected":false},"excerpt":{"rendered":"<p>La C\u00e1mara 10\u00aa del Crimen de C\u00f3rdoba conden\u00f3 a 9 a\u00f1os de prisi\u00f3n al\u00a0trader\u00a0catamarque\u00f1o\u00a0Edgar Adhemar Bacchiani (48)\u00a0por haber estafado a<\/p>\n","protected":false},"author":1,"featured_media":22466,"comment_status":"closed","ping_status":"closed","sticky":false,"template":"","format":"standard","meta":{"footnotes":"","jetpack_publicize_message":"","jetpack_publicize_feature_enabled":true,"jetpack_social_post_already_shared":true,"jetpack_social_options":{"image_generator_settings":{"template":"highway","enabled":false},"version":2}},"categories":[3],"tags":[],"class_list":["post-22465","post","type-post","status-publish","format-standard","has-post-thumbnail","hentry","category-sociedad"],"jetpack_publicize_connections":[],"_links":{"self":[{"href":"https:\/\/diariorepublica.com.ar\/web\/index.php\/wp-json\/wp\/v2\/posts\/22465"}],"collection":[{"href":"https:\/\/diariorepublica.com.ar\/web\/index.php\/wp-json\/wp\/v2\/posts"}],"about":[{"href":"https:\/\/diariorepublica.com.ar\/web\/index.php\/wp-json\/wp\/v2\/types\/post"}],"author":[{"embeddable":true,"href":"https:\/\/diariorepublica.com.ar\/web\/index.php\/wp-json\/wp\/v2\/users\/1"}],"replies":[{"embeddable":true,"href":"https:\/\/diariorepublica.com.ar\/web\/index.php\/wp-json\/wp\/v2\/comments?post=22465"}],"version-history":[{"count":1,"href":"https:\/\/diariorepublica.com.ar\/web\/index.php\/wp-json\/wp\/v2\/posts\/22465\/revisions"}],"predecessor-version":[{"id":22467,"href":"https:\/\/diariorepublica.com.ar\/web\/index.php\/wp-json\/wp\/v2\/posts\/22465\/revisions\/22467"}],"wp:featuredmedia":[{"embeddable":true,"href":"https:\/\/diariorepublica.com.ar\/web\/index.php\/wp-json\/wp\/v2\/media\/22466"}],"wp:attachment":[{"href":"https:\/\/diariorepublica.com.ar\/web\/index.php\/wp-json\/wp\/v2\/media?parent=22465"}],"wp:term":[{"taxonomy":"category","embeddable":true,"href":"https:\/\/diariorepublica.com.ar\/web\/index.php\/wp-json\/wp\/v2\/categories?post=22465"},{"taxonomy":"post_tag","embeddable":true,"href":"https:\/\/diariorepublica.com.ar\/web\/index.php\/wp-json\/wp\/v2\/tags?post=22465"}],"curies":[{"name":"wp","href":"https:\/\/api.w.org\/{rel}","templated":true}]}}