{"id":22480,"date":"2025-03-13T09:01:03","date_gmt":"2025-03-13T12:01:03","guid":{"rendered":"https:\/\/diariorepublica.com.ar\/web\/?p=22480"},"modified":"2025-03-13T09:01:05","modified_gmt":"2025-03-13T12:01:05","slug":"tras-confirmarse-mejorias-en-su-estado-de-salud-el-papa-paso-una-noche-tranquila","status":"publish","type":"post","link":"https:\/\/diariorepublica.com.ar\/web\/index.php\/internacionales\/2025\/03\/13\/tras-confirmarse-mejorias-en-su-estado-de-salud-el-papa-paso-una-noche-tranquila\/","title":{"rendered":"Tras confirmarse mejor\u00edas en su estado de salud, el Papa pas\u00f3 una noche tranquila"},"content":{"rendered":"<p><strong>El\u00a0<\/strong><strong>papa Francisco<\/strong><strong>\u00a0pas\u00f3 una \u00abnoche tranquila\u00bb<\/strong>\u00a0en el Policl\u00ednico Agostino Gemelli de Roma luego de que la \u00faltima radiograf\u00eda confirm\u00f3 las mejoras de los \u00faltimos d\u00edas.<\/p>\n<p><i>\u00abLa noche transcurri\u00f3 tranquila\u00bb<\/i>, informaron desde la Oficina de Prensa del Vaticano acerca de la salud del Somo Pont\u00edfice que se encuentra internado desde el pasado 14 de febrero, a la vez que indicaron que\u00a0<strong>la situaci\u00f3n cl\u00ednica permanece estable.<\/strong><\/p>\n<p>En la tarde del mi\u00e9rcoles el parte se\u00f1al\u00f3 que<i>\u00a0\u00abel estado cl\u00ednico del Santo Padre, dentro de la complejidad del cuadro general, se ha mantenido estacionario\u00bb<\/i>\u00a0y que<strong>\u00a0\u00abla radiograf\u00eda de t\u00f3rax confirm\u00f3 radiol\u00f3gicamente las mejor\u00edas registradas en los d\u00edas anteriores\u00bb.<\/strong><\/p>\n<p><i>\u00abEl Santo Padre contin\u00faa recibiendo oxigenoterapia de alto flujo durante el d\u00eda y ventilaci\u00f3n mec\u00e1nica no invasiva durante la noche\u00bb,<\/i>\u00a0expresaron desde la citada oficina, mientras que dijeron que en en la ma\u00f1ana del mi\u00e9rcoles Francisco sigui\u00f3 los Ejercicios Espirituales en conexi\u00f3n con el Aula Paulo VI.<\/p>\n<p>Luego recibi\u00f3 la Eucarist\u00eda, se dedic\u00f3 a la oraci\u00f3n y despu\u00e9s a la fisioterapia motriz, mientras que por la tarde, continu\u00f3 con la oraci\u00f3n, el reposo y la fisioterapia respiratoria.<\/p>\n<p>En tanto, en relaci\u00f3n a las informaciones\u00a0<strong>sobre un eventual viaje del Papa a Nicea en mayo, la Sala de Prensa vaticana aclar\u00f3 que el mismo se est\u00e1 estudiando<\/strong>, pero que en ning\u00fan momento se anunci\u00f3.<\/p>\n","protected":false},"excerpt":{"rendered":"<p>El\u00a0papa Francisco\u00a0pas\u00f3 una \u00abnoche tranquila\u00bb\u00a0en el Policl\u00ednico Agostino Gemelli de Roma luego de que la \u00faltima radiograf\u00eda confirm\u00f3 las mejoras<\/p>\n","protected":false},"author":1,"featured_media":22481,"comment_status":"closed","ping_status":"closed","sticky":false,"template":"","format":"standard","meta":{"footnotes":"","jetpack_publicize_message":"","jetpack_publicize_feature_enabled":true,"jetpack_social_post_already_shared":true,"jetpack_social_options":{"image_generator_settings":{"template":"highway","enabled":false},"version":2}},"categories":[6],"tags":[],"class_list":["post-22480","post","type-post","status-publish","format-standard","has-post-thumbnail","hentry","category-internacionales"],"jetpack_publicize_connections":[],"_links":{"self":[{"href":"https:\/\/diariorepublica.com.ar\/web\/index.php\/wp-json\/wp\/v2\/posts\/22480"}],"collection":[{"href":"https:\/\/diariorepublica.com.ar\/web\/index.php\/wp-json\/wp\/v2\/posts"}],"about":[{"href":"https:\/\/diariorepublica.com.ar\/web\/index.php\/wp-json\/wp\/v2\/types\/post"}],"author":[{"embeddable":true,"href":"https:\/\/diariorepublica.com.ar\/web\/index.php\/wp-json\/wp\/v2\/users\/1"}],"replies":[{"embeddable":true,"href":"https:\/\/diariorepublica.com.ar\/web\/index.php\/wp-json\/wp\/v2\/comments?post=22480"}],"version-history":[{"count":1,"href":"https:\/\/diariorepublica.com.ar\/web\/index.php\/wp-json\/wp\/v2\/posts\/22480\/revisions"}],"predecessor-version":[{"id":22482,"href":"https:\/\/diariorepublica.com.ar\/web\/index.php\/wp-json\/wp\/v2\/posts\/22480\/revisions\/22482"}],"wp:featuredmedia":[{"embeddable":true,"href":"https:\/\/diariorepublica.com.ar\/web\/index.php\/wp-json\/wp\/v2\/media\/22481"}],"wp:attachment":[{"href":"https:\/\/diariorepublica.com.ar\/web\/index.php\/wp-json\/wp\/v2\/media?parent=22480"}],"wp:term":[{"taxonomy":"category","embeddable":true,"href":"https:\/\/diariorepublica.com.ar\/web\/index.php\/wp-json\/wp\/v2\/categories?post=22480"},{"taxonomy":"post_tag","embeddable":true,"href":"https:\/\/diariorepublica.com.ar\/web\/index.php\/wp-json\/wp\/v2\/tags?post=22480"}],"curies":[{"name":"wp","href":"https:\/\/api.w.org\/{rel}","templated":true}]}}