{"id":22486,"date":"2025-03-13T12:04:12","date_gmt":"2025-03-13T15:04:12","guid":{"rendered":"https:\/\/diariorepublica.com.ar\/web\/?p=22486"},"modified":"2025-03-13T12:04:14","modified_gmt":"2025-03-13T15:04:14","slug":"el-encuentro-de-mujeres-propuesto-desde-vicegobernacion-inicio-un-nuevo-ano-de-actividad","status":"publish","type":"post","link":"https:\/\/diariorepublica.com.ar\/web\/index.php\/locales\/2025\/03\/13\/el-encuentro-de-mujeres-propuesto-desde-vicegobernacion-inicio-un-nuevo-ano-de-actividad\/","title":{"rendered":"El encuentro de mujeres propuesto desde Vicegobernaci\u00f3n inici\u00f3 un nuevo a\u00f1o de actividad"},"content":{"rendered":"<p>Se llev\u00f3 adelante la primer entrega 2025 de la nueva edici\u00f3n del ciclo de encuentros de participaci\u00f3n y empoderamiento de las mujeres en su territorio, \u00abEl Poder de las Mariposas Bis\u00bb, bajo la tem\u00e1tica Bienestar econ\u00f3mico y social, inaugurando as\u00ed la primera de las reuniones que se llevar\u00e1n adelante a lo largo de todo el a\u00f1o.<\/p>\n<p>El Poder de las Mariposas es un programa que puso en marcha la Vicegobernaci\u00f3n que conduce Rub\u00e9n Dusso en el a\u00f1o 2024 y que lleva adelante el Observatorio de Pol\u00edticas de G\u00e9nero de Senado con el objetivo de promover espacios de escucha activa, de reflexi\u00f3n y de an\u00e1lisis cr\u00edticos sobre tem\u00e1ticas y problem\u00e1ticas que ocupan a las mujeres de la comunidad.<\/p>\n<p>En este 2025 el ciclo profundizar\u00e1 sobre los mencionados espacios con el agregado del elemento \u00abBIS\u00bb, que compone el nombre de la edici\u00f3n, haciendo referencia al art\u00edculo 14 BIS de la Constituci\u00f3n Nacional, ya que se considera que el contexto nacional actual requiere el fortalecimiento a trav\u00e9s de la reflexi\u00f3n y acci\u00f3n de las estructuras laborales y de seguridad social que buscaron y buscan garantizar derechos a las mujeres.<\/p>\n<p>Estuvieron presentes en este primer encuentro, integrando el panel; Susana Mur\u00faa; la diputada Mar\u00eda Argerich; y Graciela Peressoni, referente de Amas de Casa; junto a las mujeres referentes del \u00e1mbito pol\u00edtico, comedores y organizaciones sociales de la provincia que participaron.<\/p>\n","protected":false},"excerpt":{"rendered":"<p>Se llev\u00f3 adelante la primer entrega 2025 de la nueva edici\u00f3n del ciclo de encuentros de participaci\u00f3n y empoderamiento de<\/p>\n","protected":false},"author":1,"featured_media":22487,"comment_status":"closed","ping_status":"closed","sticky":false,"template":"","format":"standard","meta":{"footnotes":"","jetpack_publicize_message":"","jetpack_publicize_feature_enabled":true,"jetpack_social_post_already_shared":true,"jetpack_social_options":{"image_generator_settings":{"template":"highway","enabled":false},"version":2}},"categories":[2],"tags":[],"class_list":["post-22486","post","type-post","status-publish","format-standard","has-post-thumbnail","hentry","category-locales"],"jetpack_publicize_connections":[],"_links":{"self":[{"href":"https:\/\/diariorepublica.com.ar\/web\/index.php\/wp-json\/wp\/v2\/posts\/22486"}],"collection":[{"href":"https:\/\/diariorepublica.com.ar\/web\/index.php\/wp-json\/wp\/v2\/posts"}],"about":[{"href":"https:\/\/diariorepublica.com.ar\/web\/index.php\/wp-json\/wp\/v2\/types\/post"}],"author":[{"embeddable":true,"href":"https:\/\/diariorepublica.com.ar\/web\/index.php\/wp-json\/wp\/v2\/users\/1"}],"replies":[{"embeddable":true,"href":"https:\/\/diariorepublica.com.ar\/web\/index.php\/wp-json\/wp\/v2\/comments?post=22486"}],"version-history":[{"count":1,"href":"https:\/\/diariorepublica.com.ar\/web\/index.php\/wp-json\/wp\/v2\/posts\/22486\/revisions"}],"predecessor-version":[{"id":22488,"href":"https:\/\/diariorepublica.com.ar\/web\/index.php\/wp-json\/wp\/v2\/posts\/22486\/revisions\/22488"}],"wp:featuredmedia":[{"embeddable":true,"href":"https:\/\/diariorepublica.com.ar\/web\/index.php\/wp-json\/wp\/v2\/media\/22487"}],"wp:attachment":[{"href":"https:\/\/diariorepublica.com.ar\/web\/index.php\/wp-json\/wp\/v2\/media?parent=22486"}],"wp:term":[{"taxonomy":"category","embeddable":true,"href":"https:\/\/diariorepublica.com.ar\/web\/index.php\/wp-json\/wp\/v2\/categories?post=22486"},{"taxonomy":"post_tag","embeddable":true,"href":"https:\/\/diariorepublica.com.ar\/web\/index.php\/wp-json\/wp\/v2\/tags?post=22486"}],"curies":[{"name":"wp","href":"https:\/\/api.w.org\/{rel}","templated":true}]}}