{"id":22493,"date":"2025-03-14T08:11:02","date_gmt":"2025-03-14T11:11:02","guid":{"rendered":"https:\/\/diariorepublica.com.ar\/web\/?p=22493"},"modified":"2025-03-14T08:11:04","modified_gmt":"2025-03-14T11:11:04","slug":"se-conocio-el-nuevo-cronograma-electoral-para-las-elecciones-de-octubre","status":"publish","type":"post","link":"https:\/\/diariorepublica.com.ar\/web\/index.php\/nacionales\/2025\/03\/14\/se-conocio-el-nuevo-cronograma-electoral-para-las-elecciones-de-octubre\/","title":{"rendered":"Se conoci\u00f3 el nuevo cronograma electoral para las elecciones de octubre"},"content":{"rendered":"<p>La C\u00e1mara Nacional Electoral (CNE) confirm\u00f3 que las elecciones para elegir diputados y senadores nacionales ser\u00e1n el pr\u00f3ximo 26 de octubre. La CNE oficializ\u00f3 que el 19 de abril se cierre el padr\u00f3n provisorio y que esa sea la fecha l\u00edmite para la inclusi\u00f3n de novedades registrales.<\/p>\n<p>Adem\u00e1s establece cu\u00e1ndo podr\u00e1n consultarse los padrones, el fin del plazo para el reconocimiento de alianzas electorales, de presentaci\u00f3n de candidaturas y de la campa\u00f1a electoral, entre otros. Al mismo tiempo, incluye las novedades acerca de la Boleta \u00danica de Papel.<\/p>\n<p>Por su parte, el inicio de la campa\u00f1a electoral qued\u00f3 fijado para el 27 de agosto, en tanto que el 17 de ese mes vencer\u00e1 el plazo para oficializar las listas de candidatos.<\/p>\n<p>El cronograma estar\u00e1 disponible en el sitio Web (electoral.gob.ar) a partir de hoy.<\/p>\n<p>El Gobierno, en tanto, ya convoc\u00f3 en enero a distintas licitaciones para la provisi\u00f3n de urnas de cart\u00f3n descartable, sobres y los elementos de escritura, registraci\u00f3n e impresi\u00f3n dactilar que ser\u00e1n utilizados en los comicios.<\/p>\n<p>Algunas provincias tendr\u00e1n sus propias elecciones locales intermedias. Hasta el momento son seis distritos los que las anticiparon: Salta (el 4 de mayo), Chaco, Jujuy y San Luis (11 de mayo), Santa Fe (29 de junio) y la Ciudad de Buenos Aires (18 de mayo). Aunque no hay acuerdo pol\u00edtico, la provincia de Buenos Aires, a cargo del gobernador Axel Kicillof, tambi\u00e9n podr\u00eda anticipar.<\/p>\n","protected":false},"excerpt":{"rendered":"<p>La C\u00e1mara Nacional Electoral (CNE) confirm\u00f3 que las elecciones para elegir diputados y senadores nacionales ser\u00e1n el pr\u00f3ximo 26 de<\/p>\n","protected":false},"author":1,"featured_media":22494,"comment_status":"closed","ping_status":"closed","sticky":false,"template":"","format":"standard","meta":{"footnotes":"","jetpack_publicize_message":"","jetpack_publicize_feature_enabled":true,"jetpack_social_post_already_shared":true,"jetpack_social_options":{"image_generator_settings":{"template":"highway","enabled":false},"version":2}},"categories":[4],"tags":[],"class_list":["post-22493","post","type-post","status-publish","format-standard","has-post-thumbnail","hentry","category-nacionales"],"jetpack_publicize_connections":[],"_links":{"self":[{"href":"https:\/\/diariorepublica.com.ar\/web\/index.php\/wp-json\/wp\/v2\/posts\/22493"}],"collection":[{"href":"https:\/\/diariorepublica.com.ar\/web\/index.php\/wp-json\/wp\/v2\/posts"}],"about":[{"href":"https:\/\/diariorepublica.com.ar\/web\/index.php\/wp-json\/wp\/v2\/types\/post"}],"author":[{"embeddable":true,"href":"https:\/\/diariorepublica.com.ar\/web\/index.php\/wp-json\/wp\/v2\/users\/1"}],"replies":[{"embeddable":true,"href":"https:\/\/diariorepublica.com.ar\/web\/index.php\/wp-json\/wp\/v2\/comments?post=22493"}],"version-history":[{"count":1,"href":"https:\/\/diariorepublica.com.ar\/web\/index.php\/wp-json\/wp\/v2\/posts\/22493\/revisions"}],"predecessor-version":[{"id":22495,"href":"https:\/\/diariorepublica.com.ar\/web\/index.php\/wp-json\/wp\/v2\/posts\/22493\/revisions\/22495"}],"wp:featuredmedia":[{"embeddable":true,"href":"https:\/\/diariorepublica.com.ar\/web\/index.php\/wp-json\/wp\/v2\/media\/22494"}],"wp:attachment":[{"href":"https:\/\/diariorepublica.com.ar\/web\/index.php\/wp-json\/wp\/v2\/media?parent=22493"}],"wp:term":[{"taxonomy":"category","embeddable":true,"href":"https:\/\/diariorepublica.com.ar\/web\/index.php\/wp-json\/wp\/v2\/categories?post=22493"},{"taxonomy":"post_tag","embeddable":true,"href":"https:\/\/diariorepublica.com.ar\/web\/index.php\/wp-json\/wp\/v2\/tags?post=22493"}],"curies":[{"name":"wp","href":"https:\/\/api.w.org\/{rel}","templated":true}]}}