{"id":22496,"date":"2025-03-14T08:15:01","date_gmt":"2025-03-14T11:15:01","guid":{"rendered":"https:\/\/diariorepublica.com.ar\/web\/?p=22496"},"modified":"2025-03-14T08:15:03","modified_gmt":"2025-03-14T11:15:03","slug":"a-un-mes-de-su-internacion-el-papa-paso-una-noche-tranquila","status":"publish","type":"post","link":"https:\/\/diariorepublica.com.ar\/web\/index.php\/internacionales\/2025\/03\/14\/a-un-mes-de-su-internacion-el-papa-paso-una-noche-tranquila\/","title":{"rendered":"A un mes de su internaci\u00f3n, el Papa pas\u00f3 una noche tranquila"},"content":{"rendered":"<p><strong>El papa Francisco<\/strong>\u00a0pas\u00f3 una noche tranquila en el Policl\u00ednico Agostino Gemell y este viernes\u00a0<strong>vuelve a la Plaza de San Pedro el Rosario por la salud del Sumo Pont\u00edfice<\/strong>\u00a0organizado por la Secretar\u00eda de Estado y la Di\u00f3cesis de Roma.<\/p>\n<p><strong>\u00abEl Papa pas\u00f3 una noche tranquila\u00bb,\u00a0<\/strong>se\u00f1alaron desde la Oficina de Prensa del Vaticano, mientras que se indic\u00f3 que las terapias contin\u00faan y el Papa alterna oxigenaci\u00f3n de alto flujo durante el d\u00eda y ventilaci\u00f3n mec\u00e1nica durante la noche.<\/p>\n<p><strong>En la tarde del jueves, el personal m\u00e9dico le llev\u00f3 a Francisco a la habitaci\u00f3n una torta con velas<\/strong>\u00a0para celebrar el 12\u00ba aniversario de su elecci\u00f3n y el Papa sigui\u00f3 por videoconferencia los ejercicios espirituales para la Curia Romana en el Aula Pablo VI.<\/p>\n<p>A continuaci\u00f3n, reanud\u00f3 la terapia respiratoria,\u00a0<strong>sigue alternando la ventilaci\u00f3n mec\u00e1nica no invasiva por la noche con la oxigenaci\u00f3n de alto flujo\u00a0<\/strong>con c\u00e1nulas nasales utilizadas durante el d\u00eda y la situaci\u00f3n cl\u00ednica sigue siendo estacionaria en un cuadro complejo.<\/p>\n<p>En tanto,\u00a0<strong>este viernes vuelve el Rosario por la salud del Papa<\/strong>\u00a0en una cita que originariamente se celebraba a las 21 y durante el tiempo de los Ejercicios Espirituales se traslad\u00f3 al Aula Pablo VI a las 18.<\/p>\n<p>La misma reuni\u00f3 cada noche a fieles que, a menudo con antorchas en las manos, quisieron expresar su cercan\u00eda y afecto a Francisco, quien\u00a0<strong>est\u00e1 internado desde el pasado 14 de febrero por una neumon\u00eda bilateral.<\/strong><\/p>\n<p>Muchas personas siguieron el rezo desde la distancia conect\u00e1ndose a los medios de comunicaci\u00f3n vaticanos, que siguen retransmitiendo diariamente el Rosario en directo.<\/p>\n<p>Entre los momentos que tuvieron m\u00e1s emoci\u00f3n se destaca el del 6 de marzo cuando, al comienzo del und\u00e9cimo Rosario consecutivo, la voz del Sumo Pont\u00edfice grabada en el hospital, reson\u00f3 en San Pedro y en todo el mundo diciendo:\u00a0<strong>\u00abLes agradezco de coraz\u00f3n las oraciones por mi salud. Que Dios los bendiga y la Virgen los cuide\u00bb.<\/strong><\/p>\n","protected":false},"excerpt":{"rendered":"<p>El papa Francisco\u00a0pas\u00f3 una noche tranquila en el Policl\u00ednico Agostino Gemell y este viernes\u00a0vuelve a la Plaza de San Pedro<\/p>\n","protected":false},"author":1,"featured_media":22497,"comment_status":"closed","ping_status":"closed","sticky":false,"template":"","format":"standard","meta":{"footnotes":"","jetpack_publicize_message":"","jetpack_publicize_feature_enabled":true,"jetpack_social_post_already_shared":true,"jetpack_social_options":{"image_generator_settings":{"template":"highway","enabled":false},"version":2}},"categories":[6],"tags":[],"class_list":["post-22496","post","type-post","status-publish","format-standard","has-post-thumbnail","hentry","category-internacionales"],"jetpack_publicize_connections":[],"_links":{"self":[{"href":"https:\/\/diariorepublica.com.ar\/web\/index.php\/wp-json\/wp\/v2\/posts\/22496"}],"collection":[{"href":"https:\/\/diariorepublica.com.ar\/web\/index.php\/wp-json\/wp\/v2\/posts"}],"about":[{"href":"https:\/\/diariorepublica.com.ar\/web\/index.php\/wp-json\/wp\/v2\/types\/post"}],"author":[{"embeddable":true,"href":"https:\/\/diariorepublica.com.ar\/web\/index.php\/wp-json\/wp\/v2\/users\/1"}],"replies":[{"embeddable":true,"href":"https:\/\/diariorepublica.com.ar\/web\/index.php\/wp-json\/wp\/v2\/comments?post=22496"}],"version-history":[{"count":1,"href":"https:\/\/diariorepublica.com.ar\/web\/index.php\/wp-json\/wp\/v2\/posts\/22496\/revisions"}],"predecessor-version":[{"id":22498,"href":"https:\/\/diariorepublica.com.ar\/web\/index.php\/wp-json\/wp\/v2\/posts\/22496\/revisions\/22498"}],"wp:featuredmedia":[{"embeddable":true,"href":"https:\/\/diariorepublica.com.ar\/web\/index.php\/wp-json\/wp\/v2\/media\/22497"}],"wp:attachment":[{"href":"https:\/\/diariorepublica.com.ar\/web\/index.php\/wp-json\/wp\/v2\/media?parent=22496"}],"wp:term":[{"taxonomy":"category","embeddable":true,"href":"https:\/\/diariorepublica.com.ar\/web\/index.php\/wp-json\/wp\/v2\/categories?post=22496"},{"taxonomy":"post_tag","embeddable":true,"href":"https:\/\/diariorepublica.com.ar\/web\/index.php\/wp-json\/wp\/v2\/tags?post=22496"}],"curies":[{"name":"wp","href":"https:\/\/api.w.org\/{rel}","templated":true}]}}