{"id":2254,"date":"2023-05-02T08:47:28","date_gmt":"2023-05-02T11:47:28","guid":{"rendered":"https:\/\/diariorepublica.com.ar\/web\/?p=2254"},"modified":"2023-05-02T08:47:30","modified_gmt":"2023-05-02T11:47:30","slug":"el-presidente-alberto-fernandez-visitara-por-decima-vez-catamarca","status":"publish","type":"post","link":"https:\/\/diariorepublica.com.ar\/web\/index.php\/politica\/2023\/05\/02\/el-presidente-alberto-fernandez-visitara-por-decima-vez-catamarca\/","title":{"rendered":"El presidente Alberto Fernandez visitar\u00e1 por d\u00e9cima vez Catamarca"},"content":{"rendered":"\n\n\n<p>Alberto Fern\u00e1ndez, quien ya es el presidente que m\u00e1s veces visit\u00f3 la provincia de Catamarca, ampliar\u00e1 su propio record ma\u00f1ana, cuando arribe a la tierra de la Virgen del Valle por d\u00e9cima vez, siete de ellas como m\u00e1xima autoridad nacional.<\/p>\n\n\n\n<p>Alberto, seg\u00fan confirm\u00f3 el gobernador Ra\u00fal Jalil, llegar\u00e1 ma\u00f1ana para inaugurar una obra de gas y entregar viviendas, en lo que ser\u00e1 su primer arribo a la provincia desde que anunci\u00f3 que no competir\u00e1 por un segundo mandato.<\/p>\n","protected":false},"excerpt":{"rendered":"<p>Alberto Fern\u00e1ndez, quien ya es el presidente que m\u00e1s veces visit\u00f3 la provincia de Catamarca, ampliar\u00e1 su propio record ma\u00f1ana,<\/p>\n","protected":false},"author":2,"featured_media":2255,"comment_status":"closed","ping_status":"closed","sticky":false,"template":"","format":"standard","meta":{"footnotes":"","jetpack_publicize_message":"","jetpack_publicize_feature_enabled":true,"jetpack_social_post_already_shared":false,"jetpack_social_options":{"image_generator_settings":{"template":"highway","enabled":false},"version":2}},"categories":[12],"tags":[],"class_list":["post-2254","post","type-post","status-publish","format-standard","has-post-thumbnail","hentry","category-politica"],"jetpack_publicize_connections":[],"_links":{"self":[{"href":"https:\/\/diariorepublica.com.ar\/web\/index.php\/wp-json\/wp\/v2\/posts\/2254"}],"collection":[{"href":"https:\/\/diariorepublica.com.ar\/web\/index.php\/wp-json\/wp\/v2\/posts"}],"about":[{"href":"https:\/\/diariorepublica.com.ar\/web\/index.php\/wp-json\/wp\/v2\/types\/post"}],"author":[{"embeddable":true,"href":"https:\/\/diariorepublica.com.ar\/web\/index.php\/wp-json\/wp\/v2\/users\/2"}],"replies":[{"embeddable":true,"href":"https:\/\/diariorepublica.com.ar\/web\/index.php\/wp-json\/wp\/v2\/comments?post=2254"}],"version-history":[{"count":1,"href":"https:\/\/diariorepublica.com.ar\/web\/index.php\/wp-json\/wp\/v2\/posts\/2254\/revisions"}],"predecessor-version":[{"id":2256,"href":"https:\/\/diariorepublica.com.ar\/web\/index.php\/wp-json\/wp\/v2\/posts\/2254\/revisions\/2256"}],"wp:featuredmedia":[{"embeddable":true,"href":"https:\/\/diariorepublica.com.ar\/web\/index.php\/wp-json\/wp\/v2\/media\/2255"}],"wp:attachment":[{"href":"https:\/\/diariorepublica.com.ar\/web\/index.php\/wp-json\/wp\/v2\/media?parent=2254"}],"wp:term":[{"taxonomy":"category","embeddable":true,"href":"https:\/\/diariorepublica.com.ar\/web\/index.php\/wp-json\/wp\/v2\/categories?post=2254"},{"taxonomy":"post_tag","embeddable":true,"href":"https:\/\/diariorepublica.com.ar\/web\/index.php\/wp-json\/wp\/v2\/tags?post=2254"}],"curies":[{"name":"wp","href":"https:\/\/api.w.org\/{rel}","templated":true}]}}