{"id":22560,"date":"2025-03-18T07:56:46","date_gmt":"2025-03-18T10:56:46","guid":{"rendered":"https:\/\/diariorepublica.com.ar\/web\/?p=22560"},"modified":"2025-03-18T07:56:48","modified_gmt":"2025-03-18T10:56:48","slug":"accidente-aereo-en-honduras-12-muertos-5-heridos-y-un-desaparecido","status":"publish","type":"post","link":"https:\/\/diariorepublica.com.ar\/web\/index.php\/internacionales\/2025\/03\/18\/accidente-aereo-en-honduras-12-muertos-5-heridos-y-un-desaparecido\/","title":{"rendered":"Accidente a\u00e9reo en Honduras: 12 muertos, 5 heridos y un desaparecido"},"content":{"rendered":"<p>El Cuerpo de Bomberos de Honduras report\u00f3 la\u00a0<strong>muerte de 12 personas<\/strong>\u00a0tras el accidente de una avioneta que perdi\u00f3 el control y cay\u00f3 la tarde de este lunes al mar tras despegar en la isla de Roat\u00e1n con 18 pasajeros, seg\u00fan confirm\u00f3 el Cuerpo de Bomberos de la naci\u00f3n centroamericana.<\/p>\n<p>La misma fuente se\u00f1ala que hasta el momento se han hallado los cuerpos de 12 personas, otras cinco fueron rescatadas con vida y a\u00fan queda una persona desaparecida.<\/p>\n<p>La comisionada presidenta del Sistema Nacional de Emergencias 911 de Honduras, Miroslava Cerpas, dijo a Xinhua que la aeronave, de la empresa Lanhsa, ejecutaba un vuelo local desde el aeropuerto internacional Juan Manuel G\u00e1lvez, en Roat\u00e1n, hacia la ciudad de La Ceiba.<\/p>\n<p>Al despegar, a las 18:46 horas (00:46 GMT)<strong>, la avioneta perdi\u00f3 fuerza en sus motores y se precipit\u00f3 al mar aproximadamente a un kil\u00f3metro al costado de la pista a\u00e9rea<\/strong>, dijo Cerpas, al tiempo que explic\u00f3 que la investigaci\u00f3n preliminar maneja una posible falla mec\u00e1nica como la causa del accidente.<\/p>\n<p>Seg\u00fan la informaci\u00f3n de la Agencia Hondure\u00f1a de Aeron\u00e1utica Civil (AHAC), el avi\u00f3n era modelo Jetstream 32 y pertenec\u00eda a la aerol\u00ednea L\u00ednea A\u00e9rea Nacional de Honduras S.A. (LANHSA), con matr\u00edcula HR-AYW. El piloto fue identificado como Luis Araya, mientras Francisco Lagos era copiloto, ambos de nacionalidad hondure\u00f1a.<\/p>\n","protected":false},"excerpt":{"rendered":"<p>El Cuerpo de Bomberos de Honduras report\u00f3 la\u00a0muerte de 12 personas\u00a0tras el accidente de una avioneta que perdi\u00f3 el control<\/p>\n","protected":false},"author":1,"featured_media":22561,"comment_status":"closed","ping_status":"closed","sticky":false,"template":"","format":"standard","meta":{"footnotes":"","jetpack_publicize_message":"","jetpack_publicize_feature_enabled":true,"jetpack_social_post_already_shared":true,"jetpack_social_options":{"image_generator_settings":{"template":"highway","enabled":false},"version":2}},"categories":[6],"tags":[],"class_list":["post-22560","post","type-post","status-publish","format-standard","has-post-thumbnail","hentry","category-internacionales"],"jetpack_publicize_connections":[],"_links":{"self":[{"href":"https:\/\/diariorepublica.com.ar\/web\/index.php\/wp-json\/wp\/v2\/posts\/22560"}],"collection":[{"href":"https:\/\/diariorepublica.com.ar\/web\/index.php\/wp-json\/wp\/v2\/posts"}],"about":[{"href":"https:\/\/diariorepublica.com.ar\/web\/index.php\/wp-json\/wp\/v2\/types\/post"}],"author":[{"embeddable":true,"href":"https:\/\/diariorepublica.com.ar\/web\/index.php\/wp-json\/wp\/v2\/users\/1"}],"replies":[{"embeddable":true,"href":"https:\/\/diariorepublica.com.ar\/web\/index.php\/wp-json\/wp\/v2\/comments?post=22560"}],"version-history":[{"count":1,"href":"https:\/\/diariorepublica.com.ar\/web\/index.php\/wp-json\/wp\/v2\/posts\/22560\/revisions"}],"predecessor-version":[{"id":22562,"href":"https:\/\/diariorepublica.com.ar\/web\/index.php\/wp-json\/wp\/v2\/posts\/22560\/revisions\/22562"}],"wp:featuredmedia":[{"embeddable":true,"href":"https:\/\/diariorepublica.com.ar\/web\/index.php\/wp-json\/wp\/v2\/media\/22561"}],"wp:attachment":[{"href":"https:\/\/diariorepublica.com.ar\/web\/index.php\/wp-json\/wp\/v2\/media?parent=22560"}],"wp:term":[{"taxonomy":"category","embeddable":true,"href":"https:\/\/diariorepublica.com.ar\/web\/index.php\/wp-json\/wp\/v2\/categories?post=22560"},{"taxonomy":"post_tag","embeddable":true,"href":"https:\/\/diariorepublica.com.ar\/web\/index.php\/wp-json\/wp\/v2\/tags?post=22560"}],"curies":[{"name":"wp","href":"https:\/\/api.w.org\/{rel}","templated":true}]}}