{"id":22629,"date":"2025-03-20T07:36:28","date_gmt":"2025-03-20T10:36:28","guid":{"rendered":"https:\/\/diariorepublica.com.ar\/web\/?p=22629"},"modified":"2025-03-20T07:36:31","modified_gmt":"2025-03-20T10:36:31","slug":"le-hackearon-la-cuenta-a-jose-luis-espert-para-promocionar-la-cripto-libra","status":"publish","type":"post","link":"https:\/\/diariorepublica.com.ar\/web\/index.php\/nacionales\/2025\/03\/20\/le-hackearon-la-cuenta-a-jose-luis-espert-para-promocionar-la-cripto-libra\/","title":{"rendered":"Le hackearon la cuenta a Jos\u00e9 Luis Espert para promocionar la cripto $LIBRA"},"content":{"rendered":"<article class=\"article-body article-body--first-paragraph content-protected-false\" data-td-script-src=\"https:\/\/www.ambito.com\/td\/modulos\/encuestas\/js\/function-embeds-min-version-1742270959.js\">La cuenta del diputado nacional\u00a0<strong>Jos\u00e9 Luis Espert<\/strong> fue hackeada\u00a0 para promocionar la compra de la\u00a0criptomoneda $LIBRA.\u00a0El ataque fue informado por la esposa del libertario,\u00a0<strong>Mercedes Gonz\u00e1lez.<\/strong><\/p>\n<\/article>\n<article class=\"article-body article-body--second-paragraph content-protected-false\">\u00ab\u00a1La revoluci\u00f3n liberal avanza en Argentina! Estamos\u00a0<strong>lanzando $LIBRA V2<\/strong>, un proyecto dedicado a impulsar la econom\u00eda argentina, apoyando emprendedores y pymes con financiamiento privado transparente y descentralizado\u00bb, publicaron los delincuentes y dieron a conocer el n\u00famero de contrato del\u00a0<strong>criptoactivo<\/strong>\u00a0bajo el mensaje \u00abArgentina tiene un futuro Javier Milei brillante y juntos vamos a lograrlo\u00bb.<\/p>\n<article class=\"article-body article-body--third-paragraph content-protected-false\">\n<div id=\"8052388-Libre-1081760734_wrap\" class=\"embed_cont type_imagen\" contenteditable=\"false\">\n<div id=\"8052388-Libre-1081760734_content\" class=\"embed_content\"><img decoding=\"async\" id=\"8052388-Libre-1081760734_embed\" title=\"\" src=\"https:\/\/media.ambito.com\/p\/1e5d109b78353fde8b59a63a8112ea39\/adjuntos\/239\/imagenes\/042\/276\/0042276515\/730x0\/smart\/imagepng.png\" alt=\"\" width=\"730\" height=\"undefined\" data-td-src-property=\"https:\/\/media.ambito.com\/p\/1e5d109b78353fde8b59a63a8112ea39\/adjuntos\/239\/imagenes\/042\/276\/0042276515\/730x0\/smart\/imagepng.png\" \/><\/div>\n<\/div>\n<p>Minutos despu\u00e9s de la publicaci\u00f3n, la esposa del diputado, Mar\u00eda Mercedes Gonz\u00e1lez, confirm\u00f3 en su cuenta de X: \u00abEsto es absolutamente FALSO! Le han hackeado la cuenta a\u00a0<strong>Jos\u00e9 Luis<\/strong>. Soy su esposa\u00bb.<\/p>\n<\/article>\n<article class=\"article-body article-body--fourth-paragraph content-protected-false\">Desde su entorno tambi\u00e9n sumaron: \u00abLe hackearon la cuenta a Jos\u00e9 Luis, no tenemos acceso a la misma. Ya estamos tratando de solucionar el problema . Por favor los que puedan hagan RT para avisar. Muchas gracias\u00bb.<\/p>\n<\/article>\n<article class=\"article-body article-body--remaining-paragraph content-protected-false\">Despu\u00e9s de una hora, el posteo fue borrado pero minutos m\u00e1s tarde volvieron a publicar el mismo texto, que qued\u00f3 fijado en el perfil del diputado oficialista.<\/p>\n<p>Cuando parec\u00eda que Espert hab\u00eda recuperado el acceso a su cuenta tras publicar un mensaje de disculpas, su asesora aclar\u00f3 en la misma red social que el perfil segu\u00eda hackeado.<\/p>\n<div id=\"embed8576_wrap\" class=\"embed_cont type_freetext\" contenteditable=\"false\" data-provider=\"Twitter\">\n<div id=\"embed8576_content\" class=\"embed_content\">\n<div id=\"embed8576_embed\">\n<div class=\"twitter-tweet twitter-tweet-rendered\"><iframe id=\"twitter-widget-0\" class=\"\" title=\"X Post\" src=\"https:\/\/platform.twitter.com\/embed\/Tweet.html?creatorScreenName=Ambitocom&amp;dnt=false&amp;embedId=twitter-widget-0&amp;features=eyJ0ZndfdGltZWxpbmVfbGlzdCI6eyJidWNrZXQiOltdLCJ2ZXJzaW9uIjpudWxsfSwidGZ3X2ZvbGxvd2VyX2NvdW50X3N1bnNldCI6eyJidWNrZXQiOnRydWUsInZlcnNpb24iOm51bGx9LCJ0ZndfdHdlZXRfZWRpdF9iYWNrZW5kIjp7ImJ1Y2tldCI6Im9uIiwidmVyc2lvbiI6bnVsbH0sInRmd19yZWZzcmNfc2Vzc2lvbiI6eyJidWNrZXQiOiJvbiIsInZlcnNpb24iOm51bGx9LCJ0ZndfZm9zbnJfc29mdF9pbnRlcnZlbnRpb25zX2VuYWJsZWQiOnsiYnVja2V0Ijoib24iLCJ2ZXJzaW9uIjpudWxsfSwidGZ3X21peGVkX21lZGlhXzE1ODk3Ijp7ImJ1Y2tldCI6InRyZWF0bWVudCIsInZlcnNpb24iOm51bGx9LCJ0ZndfZXhwZXJpbWVudHNfY29va2llX2V4cGlyYXRpb24iOnsiYnVja2V0IjoxMjA5NjAwLCJ2ZXJzaW9uIjpudWxsfSwidGZ3X3Nob3dfYmlyZHdhdGNoX3Bpdm90c19lbmFibGVkIjp7ImJ1Y2tldCI6Im9uIiwidmVyc2lvbiI6bnVsbH0sInRmd19kdXBsaWNhdGVfc2NyaWJlc190b19zZXR0aW5ncyI6eyJidWNrZXQiOiJvbiIsInZlcnNpb24iOm51bGx9LCJ0ZndfdXNlX3Byb2ZpbGVfaW1hZ2Vfc2hhcGVfZW5hYmxlZCI6eyJidWNrZXQiOiJvbiIsInZlcnNpb24iOm51bGx9LCJ0ZndfdmlkZW9faGxzX2R5bmFtaWNfbWFuaWZlc3RzXzE1MDgyIjp7ImJ1Y2tldCI6InRydWVfYml0cmF0ZSIsInZlcnNpb24iOm51bGx9LCJ0ZndfbGVnYWN5X3RpbWVsaW5lX3N1bnNldCI6eyJidWNrZXQiOnRydWUsInZlcnNpb24iOm51bGx9LCJ0ZndfdHdlZXRfZWRpdF9mcm9udGVuZCI6eyJidWNrZXQiOiJvbiIsInZlcnNpb24iOm51bGx9fQ%3D%3D&amp;frame=false&amp;hideCard=false&amp;hideThread=false&amp;id=1902548147630461007&amp;lang=es&amp;origin=https%3A%2F%2Fwww.ambito.com%2Fpolitica%2Fle-hackearon-la-cuenta-jose-luis-espert-promocionar-libra-n6125391&amp;sessionId=76de33391accdfde450f58c3f7a2f0a5c370b92b&amp;siteScreenName=Ambitocom&amp;theme=light&amp;widgetsVersion=2615f7e52b7e0%3A1702314776716&amp;width=550px\" frameborder=\"0\" scrolling=\"no\" allowfullscreen=\"allowfullscreen\" data-tweet-id=\"1902548147630461007\" data-mce-fragment=\"1\"><\/iframe><\/div>\n<\/div>\n<\/div>\n<\/div>\n<p>\u00abLamento profundamente informarles que mi cuenta fue hackeada.\u00a0<strong>Los mensajes y publicaciones recientes no son de mi autor\u00eda<\/strong>, y pido disculpas a todos los que pudieron haberse confundido o\u00a0<strong>malinterpretado por estas acciones malintencionadas<\/strong>. Estoy tomando todas las medidas necesarias para\u00a0<strong>recuperar el control de la cuenta y garantizar que esto no vuelva a suceder<\/strong>. Agradezco su comprensi\u00f3n y apoyo en este momento. \u00a1Vamos a seguir adelante, con m\u00e1s fuerza que nunca!\u00bb, hab\u00eda publicado el legislador.<\/p>\n<p>Aunque minutos despu\u00e9s, comparti\u00f3 una serie de mensajes bromeando sobre la nueva estafa de $LIBRA.<\/p>\n<div id=\"8052395-Libre-2067431158_wrap\" class=\"embed_cont type_imagen\" contenteditable=\"false\">\n<div id=\"8052395-Libre-2067431158_content\" class=\"embed_content\"><img decoding=\"async\" id=\"8052395-Libre-2067431158_embed\" title=\"\" src=\"https:\/\/media.ambito.com\/p\/2050ffbb77fcb4d25f91a56890eaceb3\/adjuntos\/239\/imagenes\/042\/276\/0042276522\/730x0\/smart\/imagepng.png\" alt=\"\" width=\"730\" height=\"undefined\" data-td-src-property=\"https:\/\/media.ambito.com\/p\/2050ffbb77fcb4d25f91a56890eaceb3\/adjuntos\/239\/imagenes\/042\/276\/0042276522\/730x0\/smart\/imagepng.png\" \/><\/div>\n<\/div>\n<p>Tambi\u00e9n comparti\u00f3 una foto con el presidente Javier Milei.<\/p>\n<p>ambito.com<\/p>\n<\/article>\n<\/article>\n","protected":false},"excerpt":{"rendered":"<p>La cuenta del diputado nacional\u00a0Jos\u00e9 Luis Espert fue hackeada\u00a0 para promocionar la compra de la\u00a0criptomoneda $LIBRA.\u00a0El ataque fue informado por<\/p>\n","protected":false},"author":1,"featured_media":22630,"comment_status":"closed","ping_status":"closed","sticky":false,"template":"","format":"standard","meta":{"footnotes":"","jetpack_publicize_message":"","jetpack_publicize_feature_enabled":true,"jetpack_social_post_already_shared":true,"jetpack_social_options":{"image_generator_settings":{"template":"highway","enabled":false},"version":2}},"categories":[4],"tags":[],"class_list":["post-22629","post","type-post","status-publish","format-standard","has-post-thumbnail","hentry","category-nacionales"],"jetpack_publicize_connections":[],"_links":{"self":[{"href":"https:\/\/diariorepublica.com.ar\/web\/index.php\/wp-json\/wp\/v2\/posts\/22629"}],"collection":[{"href":"https:\/\/diariorepublica.com.ar\/web\/index.php\/wp-json\/wp\/v2\/posts"}],"about":[{"href":"https:\/\/diariorepublica.com.ar\/web\/index.php\/wp-json\/wp\/v2\/types\/post"}],"author":[{"embeddable":true,"href":"https:\/\/diariorepublica.com.ar\/web\/index.php\/wp-json\/wp\/v2\/users\/1"}],"replies":[{"embeddable":true,"href":"https:\/\/diariorepublica.com.ar\/web\/index.php\/wp-json\/wp\/v2\/comments?post=22629"}],"version-history":[{"count":1,"href":"https:\/\/diariorepublica.com.ar\/web\/index.php\/wp-json\/wp\/v2\/posts\/22629\/revisions"}],"predecessor-version":[{"id":22631,"href":"https:\/\/diariorepublica.com.ar\/web\/index.php\/wp-json\/wp\/v2\/posts\/22629\/revisions\/22631"}],"wp:featuredmedia":[{"embeddable":true,"href":"https:\/\/diariorepublica.com.ar\/web\/index.php\/wp-json\/wp\/v2\/media\/22630"}],"wp:attachment":[{"href":"https:\/\/diariorepublica.com.ar\/web\/index.php\/wp-json\/wp\/v2\/media?parent=22629"}],"wp:term":[{"taxonomy":"category","embeddable":true,"href":"https:\/\/diariorepublica.com.ar\/web\/index.php\/wp-json\/wp\/v2\/categories?post=22629"},{"taxonomy":"post_tag","embeddable":true,"href":"https:\/\/diariorepublica.com.ar\/web\/index.php\/wp-json\/wp\/v2\/tags?post=22629"}],"curies":[{"name":"wp","href":"https:\/\/api.w.org\/{rel}","templated":true}]}}