{"id":2267,"date":"2023-05-02T09:45:00","date_gmt":"2023-05-02T12:45:00","guid":{"rendered":"https:\/\/diariorepublica.com.ar\/web\/?p=2267"},"modified":"2023-05-02T09:34:35","modified_gmt":"2023-05-02T12:34:35","slug":"el-estado-de-salud-de-jorge-rial-como-esta-y-cuando-volveria-a-la-argentina","status":"publish","type":"post","link":"https:\/\/diariorepublica.com.ar\/web\/index.php\/espectaculos\/2023\/05\/02\/el-estado-de-salud-de-jorge-rial-como-esta-y-cuando-volveria-a-la-argentina\/","title":{"rendered":"El estado de salud de Jorge Rial:\u00a0c\u00f3mo est\u00e1 y cu\u00e1ndo volver\u00eda a la Argentina"},"content":{"rendered":"<p>Luego del serio problema de salud que sufri\u00f3 el pasado s\u00e1bado en\u00a0<strong>Colombia<\/strong>, debido a un grave cuadro card\u00edaco; la salud de\u00a0<strong>Jorge Rial\u00a0<\/strong>evoluciona en sentido\u00a0<strong>favorable<\/strong>. El periodista y conductor estaba de vacaciones y debi\u00f3 ser internado de urgencia como consecuencia de una<strong>\u00a0dolencia<\/strong>\u00a0que, incluso, puso en peligro su vida luego de sufrir un\u00a0<strong>paro cardio respiratorio<\/strong>\u00a0(con\u00a0estado de coma\u00a0incluido) por el que fue reanimado.<\/p>\n<p>Despu\u00e9s de la operaci\u00f3n, en donde\u00a0<strong>le colocaron un stent<\/strong>, su doctor personal,\u00a0<strong>Guillermo Capuya<\/strong>, viaj\u00f3 directamente a Bogot\u00e1.<\/p>\n<p><strong>Capuya<\/strong>\u00a0confirm\u00f3 que\u00a0<strong>Jorge Rial \u00abse recupera favorablemente\u00bb<\/strong>\u00a0y que asegur\u00f3\u00a0<strong>\u00abpronto podr\u00e1 regresar a la Argentina\u00bb<\/strong>\u00a0y agreg\u00f3: \u00abEstuve en la habitaci\u00f3n con \u00e9l charlando un rato largo. Despu\u00e9s habl\u00e9 con los m\u00e9dicos que lo est\u00e1n atendiendo. Ahora voy a ir nuevamente al hospital para empezar a pensar en el retorno, qu\u00e9 d\u00eda va a ser\u00bb.<\/p>\n<p>Asimismo, destac\u00f3 que est\u00e1 siendo atendido en una cl\u00ednica \u201cde primer nivel y con una atenci\u00f3n incre\u00edble\u201d, a pesar de las complicaciones en el sistema sanitario que padece el pa\u00eds latinoamericano.<\/p>\n<p>Por \u00faltimo, se\u00f1al\u00f3 el\u00a0<strong>m\u00e9dico personal de Rial<\/strong>: \u00abEst\u00e1\u00a0<strong>en una unidad coronaria para que quede bajo un cuidado m\u00e1s estricto<\/strong>, con controles multiparam\u00e9tricos, pero ayer hablamos de pasarlo a una habitaci\u00f3n com\u00fan para luego tener el alta y volver a la Argentina. Para llevarle tranquilidad a la gente que lo quiere, est\u00e1 muy bien\u00bb.<\/p>\n<p>Aunque las primeras horas fueron de tensi\u00f3n y preocupaci\u00f3n, con el correr de los d\u00edas\u00a0<strong>Capuya\u00a0<\/strong>y las\u00a0<strong>hijas de Rial i<\/strong>nformaron que\u00a0<strong>evoluciona satisfactoriamente<\/strong>.<\/p>\n<p>\u201cDurante su internaci\u00f3n en Colombia,\u00a0<strong>Jorge hizo un episodio de baja presi\u00f3n<\/strong>\u00a0y tras los estudios, le hicieron un cat\u00e9ter y\u00a0<strong>se le coloc\u00f3 un stent\u00a0<\/strong>porque hab\u00eda una\u00a0<strong>obstrucci\u00f3n en unas arterias<\/strong>\u00a0y se solucion\u00f3 el problema\u201d, explic\u00f3 el doctor.<\/p>\n","protected":false},"excerpt":{"rendered":"<p>Luego del serio problema de salud que sufri\u00f3 el pasado s\u00e1bado en\u00a0Colombia, debido a un grave cuadro card\u00edaco; la salud<\/p>\n","protected":false},"author":1,"featured_media":2268,"comment_status":"closed","ping_status":"closed","sticky":false,"template":"","format":"standard","meta":{"footnotes":"","jetpack_publicize_message":"","jetpack_publicize_feature_enabled":true,"jetpack_social_post_already_shared":false,"jetpack_social_options":{"image_generator_settings":{"template":"highway","enabled":false},"version":2}},"categories":[7],"tags":[],"class_list":["post-2267","post","type-post","status-publish","format-standard","has-post-thumbnail","hentry","category-espectaculos"],"jetpack_publicize_connections":[],"_links":{"self":[{"href":"https:\/\/diariorepublica.com.ar\/web\/index.php\/wp-json\/wp\/v2\/posts\/2267"}],"collection":[{"href":"https:\/\/diariorepublica.com.ar\/web\/index.php\/wp-json\/wp\/v2\/posts"}],"about":[{"href":"https:\/\/diariorepublica.com.ar\/web\/index.php\/wp-json\/wp\/v2\/types\/post"}],"author":[{"embeddable":true,"href":"https:\/\/diariorepublica.com.ar\/web\/index.php\/wp-json\/wp\/v2\/users\/1"}],"replies":[{"embeddable":true,"href":"https:\/\/diariorepublica.com.ar\/web\/index.php\/wp-json\/wp\/v2\/comments?post=2267"}],"version-history":[{"count":1,"href":"https:\/\/diariorepublica.com.ar\/web\/index.php\/wp-json\/wp\/v2\/posts\/2267\/revisions"}],"predecessor-version":[{"id":2269,"href":"https:\/\/diariorepublica.com.ar\/web\/index.php\/wp-json\/wp\/v2\/posts\/2267\/revisions\/2269"}],"wp:featuredmedia":[{"embeddable":true,"href":"https:\/\/diariorepublica.com.ar\/web\/index.php\/wp-json\/wp\/v2\/media\/2268"}],"wp:attachment":[{"href":"https:\/\/diariorepublica.com.ar\/web\/index.php\/wp-json\/wp\/v2\/media?parent=2267"}],"wp:term":[{"taxonomy":"category","embeddable":true,"href":"https:\/\/diariorepublica.com.ar\/web\/index.php\/wp-json\/wp\/v2\/categories?post=2267"},{"taxonomy":"post_tag","embeddable":true,"href":"https:\/\/diariorepublica.com.ar\/web\/index.php\/wp-json\/wp\/v2\/tags?post=2267"}],"curies":[{"name":"wp","href":"https:\/\/api.w.org\/{rel}","templated":true}]}}