{"id":22712,"date":"2025-03-26T05:24:00","date_gmt":"2025-03-26T08:24:00","guid":{"rendered":"https:\/\/diariorepublica.com.ar\/web\/?p=22712"},"modified":"2025-03-26T07:33:22","modified_gmt":"2025-03-26T10:33:22","slug":"indagaron-a-los-6-primeros-detenidos-de-la-banda-de-estafadores","status":"publish","type":"post","link":"https:\/\/diariorepublica.com.ar\/web\/index.php\/policiales\/2025\/03\/26\/indagaron-a-los-6-primeros-detenidos-de-la-banda-de-estafadores\/","title":{"rendered":"Indagaron a los 6 primeros detenidos de la banda de estafadores"},"content":{"rendered":"<p>El Ministerio P\u00fablico Fiscal, a trav\u00e9s del Fiscal de Instrucci\u00f3n N\u00b05, Hugo Costilla, a cargo de la investigaci\u00f3n de la causa que involucra a personas detenidas por presunta asociaci\u00f3n il\u00edcita y estafas, llev\u00f3 a cabo este martes las indagatorias a los primeros seis detenidos. En total, son 21 las personas imputadas.<\/p>\n<p><strong>Indagatorias<\/strong><\/p>\n<p>En la jornada de este martes fueron indagados, mientras los procedimientos continuaban, las siguientes personas por el presunto delito de \u00abasociaci\u00f3n il\u00edcita\u00bb:<\/p>\n<p>* Mario Rodrigo Del Campo<br \/>\n* Dra. Grisel Gordillo<br \/>\n* Jos\u00e9 Wilfer Vega<br \/>\n* Gast\u00f3n Dar\u00edo Agulles<br \/>\n* H\u00e9ctor Enrique Varela<br \/>\n* Dennis Nieva Chayle \/ Oficial Principal de la Polic\u00eda de la provincia<\/p>\n<p>La investigaci\u00f3n cuenta con un total de 21 personas sindicadas hasta el momento. De ellas, seis fueron imputadas e indagadas este martes, mientras que una s\u00e9ptima, que ten\u00eda pedido de detenci\u00f3n se present\u00f3 espont\u00e1neamente en la Fiscal\u00eda General y qued\u00f3 detenida.<\/p>\n<p>Los dem\u00e1s imputados ser\u00e1n indagados en los pr\u00f3ximos d\u00edas. Entre ellos se encuentran empleados de distintos organismos. Siguiendo los procedimientos judiciales, sus identidades ser\u00e1n dadas a conocer una vez que hayan sido indagados.<\/p>\n<p>En tanto, de los imputados, todos se abstuvieron de declarar, salvo Grisel Gordillo, que es la martillera.<\/p>\n<p><strong>La Investigaci\u00f3n<\/strong><\/p>\n<p>El fiscal de Instrucci\u00f3n N\u00b05, Hugo Costilla, abri\u00f3 el expediente en diciembre de 2023, luego de que se unificaran diversas denuncias. Al analizar los expedientes, se detectaron coincidencias y un patr\u00f3n com\u00fan que vinculaba los casos.<\/p>\n<p>A partir de all\u00ed la pesquisa avanz\u00f3 con m\u00faltiples medidas para reunir elementos de pruebas que permiti\u00f3 desentra\u00f1ar el entramado en el que operaban los sospechosos. En los \u00faltimos d\u00edas, y con la incorporaci\u00f3n de \u00a0elementos de prueba fundamentales, el fiscal avanz\u00f3 con los procedimientos que culminaron con las detenciones e imputaciones.<\/p>\n<p>Desde el s\u00e1bado hasta este martes se llevaron a cabo procedimientos, registros, \u00a0allanamientos, tomas de testimonios los que continuar\u00e1n en el avance de la pesquisa.<\/p>\n","protected":false},"excerpt":{"rendered":"<p>El Ministerio P\u00fablico Fiscal, a trav\u00e9s del Fiscal de Instrucci\u00f3n N\u00b05, Hugo Costilla, a cargo de la investigaci\u00f3n de la<\/p>\n","protected":false},"author":1,"featured_media":22713,"comment_status":"closed","ping_status":"closed","sticky":false,"template":"","format":"standard","meta":{"footnotes":"","jetpack_publicize_message":"","jetpack_publicize_feature_enabled":true,"jetpack_social_post_already_shared":true,"jetpack_social_options":{"image_generator_settings":{"template":"highway","enabled":false},"version":2}},"categories":[8],"tags":[],"class_list":["post-22712","post","type-post","status-publish","format-standard","has-post-thumbnail","hentry","category-policiales"],"jetpack_publicize_connections":[],"_links":{"self":[{"href":"https:\/\/diariorepublica.com.ar\/web\/index.php\/wp-json\/wp\/v2\/posts\/22712"}],"collection":[{"href":"https:\/\/diariorepublica.com.ar\/web\/index.php\/wp-json\/wp\/v2\/posts"}],"about":[{"href":"https:\/\/diariorepublica.com.ar\/web\/index.php\/wp-json\/wp\/v2\/types\/post"}],"author":[{"embeddable":true,"href":"https:\/\/diariorepublica.com.ar\/web\/index.php\/wp-json\/wp\/v2\/users\/1"}],"replies":[{"embeddable":true,"href":"https:\/\/diariorepublica.com.ar\/web\/index.php\/wp-json\/wp\/v2\/comments?post=22712"}],"version-history":[{"count":1,"href":"https:\/\/diariorepublica.com.ar\/web\/index.php\/wp-json\/wp\/v2\/posts\/22712\/revisions"}],"predecessor-version":[{"id":22714,"href":"https:\/\/diariorepublica.com.ar\/web\/index.php\/wp-json\/wp\/v2\/posts\/22712\/revisions\/22714"}],"wp:featuredmedia":[{"embeddable":true,"href":"https:\/\/diariorepublica.com.ar\/web\/index.php\/wp-json\/wp\/v2\/media\/22713"}],"wp:attachment":[{"href":"https:\/\/diariorepublica.com.ar\/web\/index.php\/wp-json\/wp\/v2\/media?parent=22712"}],"wp:term":[{"taxonomy":"category","embeddable":true,"href":"https:\/\/diariorepublica.com.ar\/web\/index.php\/wp-json\/wp\/v2\/categories?post=22712"},{"taxonomy":"post_tag","embeddable":true,"href":"https:\/\/diariorepublica.com.ar\/web\/index.php\/wp-json\/wp\/v2\/tags?post=22712"}],"curies":[{"name":"wp","href":"https:\/\/api.w.org\/{rel}","templated":true}]}}