{"id":22745,"date":"2025-03-27T10:50:00","date_gmt":"2025-03-27T13:50:00","guid":{"rendered":"https:\/\/diariorepublica.com.ar\/web\/?p=22745"},"modified":"2025-03-27T07:51:22","modified_gmt":"2025-03-27T10:51:22","slug":"torneo-apertura-de-hockey-seven-tercera-edicion","status":"publish","type":"post","link":"https:\/\/diariorepublica.com.ar\/web\/index.php\/deportes\/2025\/03\/27\/torneo-apertura-de-hockey-seven-tercera-edicion\/","title":{"rendered":"Torneo Apertura de Hockey Seven: tercera edici\u00f3n"},"content":{"rendered":"<p>Se viene la tercera edici\u00f3n del Torneo Apertura de Hockey Seven, que promete ser un evento emocionante para todos los amantes del deporte. Este torneo abarcar\u00e1 las categor\u00edas femenino, masculino y mixto, dirigido a personas mayores de 15 a\u00f1os.<\/p>\n<p>Los partidos se disputar\u00e1n los d\u00edas jueves y contar\u00e1 con la participaci\u00f3n de 17 equipos en las diferentes categor\u00edas. La primera fecha est\u00e1 programada para el jueves 27 de marzo a las 19:00 hs en el Polideportivo Sur.<\/p>\n<p>FIXTURE TORNEO APERTURA 7VEN 2025 (PREDIO POLI SUR)<\/p>\n<p>1RA FECHA (27 de MARZO)<br \/>\n19:00 DEFE DEL NORTE \u2013 POLI SUR (D)<br \/>\n19:30 PIPINETA \u2013 SAN MART\u00cdN (MX)<br \/>\n20:00 SOCIAL \u2013 TORMENTA (D)<br \/>\n20:30 DEFE DEL NORTE \u2013 POLI SUR (MX)<br \/>\n21:00 EL TEAM \u2013 TORMENTA (MX)<\/p>\n<p>2DA FECHA (3 de ABRIL)<br \/>\n19:00 VILLA DOLORES \u2013 POLI SUR (C)<br \/>\n19:30 DEFE DEL NORTE \u2013 SAN MART\u00cdN (D)<br \/>\n20:00 POLI SUR \u2013 PIPINETA (MX)<br \/>\n20:30 DEFE DEL NORTE \u2013 EL TEAM (MX)<br \/>\n21:00 POLI SUR \u2013 SOCIAL (D)<\/p>\n<p>3RA FECHA (10 de ABRIL)<br \/>\n19:00 POLI SUR \u2013 SAN MART\u00cdN (D)<br \/>\n19:30 TORMENTA \u2013 SAN MART\u00cdN (MX)<br \/>\n20:00 VILLA DOLORES \u2013 EL REJUNTE (C)<br \/>\n20:30 DEFE DEL NORTE \u2013 SOCIAL (D)<br \/>\n21:00 EL TEAM \u2013 PIPINETA (MX)<\/p>\n<p>4TA FECHA (17 de ABRIL)<br \/>\n19:00 POLI SUR \u2013 EL REJUNTE (C)<br \/>\n19:30 POLI SUR \u2013 SAN MART\u00cdN (MX)<br \/>\n20:00 DEFE DEL NORTE \u2013 TORMENTA (D)<br \/>\n20:30 POLI SUR \u2013 EL TEAM (MX)<br \/>\n21:00 DEFE DEL NORTE \u2013 TORMENTA (MX)<\/p>\n<p>5TA FECHA (24 de ABRIL)<br \/>\n19:00 DEFE DEL NORTE \u2013 TORMENTA (D)<br \/>\n19:30 VILLA DOLORES \u2013 POLI SUR (C)<br \/>\n20:00 EL TEAM \u2013 SAN MART\u00cdN (MX)<br \/>\n20:30 POLI SUR \u2013 TORMENTA (D)<br \/>\n21:00 DEFE DEL NORTE \u2013 PIPINETA (MX)<\/p>\n<p>6TA FECHA (8 de MAYO)<br \/>\n19:00 DEFE DEL NORTE \u2013 SAN MART\u00cdN (MX)<br \/>\n19:30 SOCIAL \u2013 SAN MART\u00cdN (D)<br \/>\n20:00 POLI SUR \u2013 TORMENTA (MX)<br \/>\n20:30 VILLA DOLORES \u2013 EL REJUNTE (C)<\/p>\n<p>7MA FECHA (15 de MAYO)<br \/>\n19:00 TORMENTA \u2013 SAN MART\u00cdN (D)<br \/>\n19:30 POLI SUR \u2013 EL REJUNTE (C)<br \/>\n20:00 TORMENTA \u2013 PIPINETA (MX)<\/p>\n<p>8VA FECHA (27 de MAYO)<br \/>\n19:00 1RA SEMIFINAL (MX)<br \/>\n19:30 1RA SEMIFINAL (D)<br \/>\n20:00 2DA SEMIFINAL (MX)<br \/>\n21:00 2DA SEMIFINAL (D)<\/p>\n<p>9NA FECHA (29 de MAYO)<br \/>\n19:00 FINAL (MX)<br \/>\n19:30 FINAL (D)<br \/>\n20:00 PREMIACI\u00d3N, DISTINCIONES, SORTEOS (DAMAS, CABALLEROS Y MIXTOS)<\/p>\n","protected":false},"excerpt":{"rendered":"<p>Se viene la tercera edici\u00f3n del Torneo Apertura de Hockey Seven, que promete ser un evento emocionante para todos los<\/p>\n","protected":false},"author":1,"featured_media":22746,"comment_status":"closed","ping_status":"closed","sticky":false,"template":"","format":"standard","meta":{"footnotes":"","jetpack_publicize_message":"","jetpack_publicize_feature_enabled":true,"jetpack_social_post_already_shared":true,"jetpack_social_options":{"image_generator_settings":{"template":"highway","enabled":false},"version":2}},"categories":[9],"tags":[],"class_list":["post-22745","post","type-post","status-publish","format-standard","has-post-thumbnail","hentry","category-deportes"],"jetpack_publicize_connections":[],"_links":{"self":[{"href":"https:\/\/diariorepublica.com.ar\/web\/index.php\/wp-json\/wp\/v2\/posts\/22745"}],"collection":[{"href":"https:\/\/diariorepublica.com.ar\/web\/index.php\/wp-json\/wp\/v2\/posts"}],"about":[{"href":"https:\/\/diariorepublica.com.ar\/web\/index.php\/wp-json\/wp\/v2\/types\/post"}],"author":[{"embeddable":true,"href":"https:\/\/diariorepublica.com.ar\/web\/index.php\/wp-json\/wp\/v2\/users\/1"}],"replies":[{"embeddable":true,"href":"https:\/\/diariorepublica.com.ar\/web\/index.php\/wp-json\/wp\/v2\/comments?post=22745"}],"version-history":[{"count":1,"href":"https:\/\/diariorepublica.com.ar\/web\/index.php\/wp-json\/wp\/v2\/posts\/22745\/revisions"}],"predecessor-version":[{"id":22747,"href":"https:\/\/diariorepublica.com.ar\/web\/index.php\/wp-json\/wp\/v2\/posts\/22745\/revisions\/22747"}],"wp:featuredmedia":[{"embeddable":true,"href":"https:\/\/diariorepublica.com.ar\/web\/index.php\/wp-json\/wp\/v2\/media\/22746"}],"wp:attachment":[{"href":"https:\/\/diariorepublica.com.ar\/web\/index.php\/wp-json\/wp\/v2\/media?parent=22745"}],"wp:term":[{"taxonomy":"category","embeddable":true,"href":"https:\/\/diariorepublica.com.ar\/web\/index.php\/wp-json\/wp\/v2\/categories?post=22745"},{"taxonomy":"post_tag","embeddable":true,"href":"https:\/\/diariorepublica.com.ar\/web\/index.php\/wp-json\/wp\/v2\/tags?post=22745"}],"curies":[{"name":"wp","href":"https:\/\/api.w.org\/{rel}","templated":true}]}}