{"id":22756,"date":"2025-03-27T09:48:51","date_gmt":"2025-03-27T12:48:51","guid":{"rendered":"https:\/\/diariorepublica.com.ar\/web\/?p=22756"},"modified":"2025-03-27T09:48:53","modified_gmt":"2025-03-27T12:48:53","slug":"se-lesiono-el-pity-martinez-y-se-perdera-el-debut-por-copa-libertadores","status":"publish","type":"post","link":"https:\/\/diariorepublica.com.ar\/web\/index.php\/deportes\/2025\/03\/27\/se-lesiono-el-pity-martinez-y-se-perdera-el-debut-por-copa-libertadores\/","title":{"rendered":"Se lesion\u00f3 el \u201cPity\u201d Mart\u00ednez y se perder\u00e1 el debut por Copa Libertadores"},"content":{"rendered":"<p>El volante ofensivo de River Gonzalo Mart\u00ednez, sufri\u00f3 una nueva lesi\u00f3n muscular por lo que estar\u00e1 de baja aproximadamente por dos semanas y se perder\u00eda algunos duelos claves del conjunto millonario.<\/p>\n<p>En el \u00faltimo entrenamiento de la \u201cBanda\u201d, el \u201cPity\u201d padeci\u00f3 una distensi\u00f3n en el soleo izquierdo por lo que el director t\u00e9cnico del \u201cMillo\u201d, Marcelo Gallardo, no podr\u00e1 contar con \u00e9l para los partidos ante Rosario Central, el pr\u00f3ximo s\u00e1bado por el Torneo Apertura, y frente a Universitario de Per\u00fa en el debut de la Copa Libertadores del mi\u00e9rcoles 2 de abril.<\/p>\n<p>A su vez, cabe destacar que la lesi\u00f3n podr\u00eda llevar m\u00e1s tiempo de recuperaci\u00f3n de lo esperado si la misma no evoluciona correctamente, por lo que tambi\u00e9n estar\u00eda en duda para visitar a Sarmiento de Jun\u00edn, el s\u00e1bado 5 del siguiente mes por la duod\u00e9cima fecha de la Liga Profesional de F\u00fatbol.<\/p>\n<p>Adem\u00e1s, es la segunda lesi\u00f3n muscular en el a\u00f1o que sufre Mart\u00ednez, ya que la primera hab\u00eda ocurrido previo a culminar la pretemporada en San Mart\u00edn de Los Andes y reci\u00e9n pudo volver a disputar minutos en la quinta jornada frente a Godoy Cruz de Mendoza.<\/p>\n<p>Asimismo, el centrocampista de 31 a\u00f1os se sum\u00f3 a la lista de lesionados en River junto a Gonzalo Montiel, Facundo Colidio y Mat\u00edas Kranevitter, por lo que el \u201cMu\u00f1eco\u201d deber\u00e1 preparar los siguientes cotejos sin varios de sus futbolistas.<\/p>\n<p>No obstante, el entrenador m\u00e1s ganador en la historia de la instituci\u00f3n de N\u00fa\u00f1ez si podr\u00e1 contar con los regresos Germ\u00e1n Pezzella (Argentina) y Paulo D\u00edaz (Chile) de sus respectivas selecciones. Adem\u00e1s, Sebasti\u00e1n Driussi, Lucas Mart\u00ednez Quarta y Mat\u00edas Rojas dejaron atr\u00e1s sus problemas f\u00edsicos y volvieron a entrenar a la par de sus compa\u00f1eros de cara al agitado calendario que se le viene al elenco millonario<\/p>\n<p>NA<\/p>\n","protected":false},"excerpt":{"rendered":"<p>El volante ofensivo de River Gonzalo Mart\u00ednez, sufri\u00f3 una nueva lesi\u00f3n muscular por lo que estar\u00e1 de baja aproximadamente por<\/p>\n","protected":false},"author":1,"featured_media":22757,"comment_status":"closed","ping_status":"closed","sticky":false,"template":"","format":"standard","meta":{"footnotes":"","jetpack_publicize_message":"","jetpack_publicize_feature_enabled":true,"jetpack_social_post_already_shared":true,"jetpack_social_options":{"image_generator_settings":{"template":"highway","enabled":false},"version":2}},"categories":[9],"tags":[],"class_list":["post-22756","post","type-post","status-publish","format-standard","has-post-thumbnail","hentry","category-deportes"],"jetpack_publicize_connections":[],"_links":{"self":[{"href":"https:\/\/diariorepublica.com.ar\/web\/index.php\/wp-json\/wp\/v2\/posts\/22756"}],"collection":[{"href":"https:\/\/diariorepublica.com.ar\/web\/index.php\/wp-json\/wp\/v2\/posts"}],"about":[{"href":"https:\/\/diariorepublica.com.ar\/web\/index.php\/wp-json\/wp\/v2\/types\/post"}],"author":[{"embeddable":true,"href":"https:\/\/diariorepublica.com.ar\/web\/index.php\/wp-json\/wp\/v2\/users\/1"}],"replies":[{"embeddable":true,"href":"https:\/\/diariorepublica.com.ar\/web\/index.php\/wp-json\/wp\/v2\/comments?post=22756"}],"version-history":[{"count":1,"href":"https:\/\/diariorepublica.com.ar\/web\/index.php\/wp-json\/wp\/v2\/posts\/22756\/revisions"}],"predecessor-version":[{"id":22758,"href":"https:\/\/diariorepublica.com.ar\/web\/index.php\/wp-json\/wp\/v2\/posts\/22756\/revisions\/22758"}],"wp:featuredmedia":[{"embeddable":true,"href":"https:\/\/diariorepublica.com.ar\/web\/index.php\/wp-json\/wp\/v2\/media\/22757"}],"wp:attachment":[{"href":"https:\/\/diariorepublica.com.ar\/web\/index.php\/wp-json\/wp\/v2\/media?parent=22756"}],"wp:term":[{"taxonomy":"category","embeddable":true,"href":"https:\/\/diariorepublica.com.ar\/web\/index.php\/wp-json\/wp\/v2\/categories?post=22756"},{"taxonomy":"post_tag","embeddable":true,"href":"https:\/\/diariorepublica.com.ar\/web\/index.php\/wp-json\/wp\/v2\/tags?post=22756"}],"curies":[{"name":"wp","href":"https:\/\/api.w.org\/{rel}","templated":true}]}}