{"id":22794,"date":"2025-03-28T08:07:58","date_gmt":"2025-03-28T11:07:58","guid":{"rendered":"https:\/\/diariorepublica.com.ar\/web\/?p=22794"},"modified":"2025-03-28T08:07:59","modified_gmt":"2025-03-28T11:07:59","slug":"el-gobierno-provincial-suspendio-el-aumento-del-6-para-funcionarios-en-marzo","status":"publish","type":"post","link":"https:\/\/diariorepublica.com.ar\/web\/index.php\/politica\/2025\/03\/28\/el-gobierno-provincial-suspendio-el-aumento-del-6-para-funcionarios-en-marzo\/","title":{"rendered":"EL Gobierno Provincial suspendi\u00f3 el aumento del 6% para funcionarios en marzo"},"content":{"rendered":"<p>Mediante el Decreto n\u00b0 137\u00a0 el gobierno dispone la \u00a0<strong>suspensi\u00f3n del incremento salarial del seis por ciento (6%)\u00a0<\/strong>que hab\u00eda sido otorgado a las\u00a0<strong>Autoridades Superiores de Gobierno, Funcionarios Fuera de Nivel y Personal de Gabinete<\/strong>.<\/p>\n<p>El impacto del ajuste o aplicaci\u00f3n de la motosierra catamarque\u00f1a, como se hab\u00eda indicado previamente, corre con la\u00a0<strong>liquidaci\u00f3n correspondiente al mes de marzo\u00a0<\/strong>de 2025. Seg\u00fan lo marcado por el decreto, la acci\u00f3n busca generar\u00a0<strong>\u00abuna gesti\u00f3n responsable y eficiente de los recursos del tesoro provincial\u00bb. Y para sostener esta l\u00ednea, tal y como se marca en el Art\u00edculo n\u00b0 2, este plazo de suspensi\u00f3n podr\u00e1 extenderse, y para esto ya fue facultado el propio Ministerio de Econom\u00eda.<\/strong><\/p>\n","protected":false},"excerpt":{"rendered":"<p>Mediante el Decreto n\u00b0 137\u00a0 el gobierno dispone la \u00a0suspensi\u00f3n del incremento salarial del seis por ciento (6%)\u00a0que hab\u00eda sido<\/p>\n","protected":false},"author":1,"featured_media":21724,"comment_status":"closed","ping_status":"closed","sticky":false,"template":"","format":"standard","meta":{"footnotes":"","jetpack_publicize_message":"","jetpack_publicize_feature_enabled":true,"jetpack_social_post_already_shared":true,"jetpack_social_options":{"image_generator_settings":{"template":"highway","enabled":false},"version":2}},"categories":[12],"tags":[],"class_list":["post-22794","post","type-post","status-publish","format-standard","has-post-thumbnail","hentry","category-politica"],"jetpack_publicize_connections":[],"_links":{"self":[{"href":"https:\/\/diariorepublica.com.ar\/web\/index.php\/wp-json\/wp\/v2\/posts\/22794"}],"collection":[{"href":"https:\/\/diariorepublica.com.ar\/web\/index.php\/wp-json\/wp\/v2\/posts"}],"about":[{"href":"https:\/\/diariorepublica.com.ar\/web\/index.php\/wp-json\/wp\/v2\/types\/post"}],"author":[{"embeddable":true,"href":"https:\/\/diariorepublica.com.ar\/web\/index.php\/wp-json\/wp\/v2\/users\/1"}],"replies":[{"embeddable":true,"href":"https:\/\/diariorepublica.com.ar\/web\/index.php\/wp-json\/wp\/v2\/comments?post=22794"}],"version-history":[{"count":1,"href":"https:\/\/diariorepublica.com.ar\/web\/index.php\/wp-json\/wp\/v2\/posts\/22794\/revisions"}],"predecessor-version":[{"id":22795,"href":"https:\/\/diariorepublica.com.ar\/web\/index.php\/wp-json\/wp\/v2\/posts\/22794\/revisions\/22795"}],"wp:featuredmedia":[{"embeddable":true,"href":"https:\/\/diariorepublica.com.ar\/web\/index.php\/wp-json\/wp\/v2\/media\/21724"}],"wp:attachment":[{"href":"https:\/\/diariorepublica.com.ar\/web\/index.php\/wp-json\/wp\/v2\/media?parent=22794"}],"wp:term":[{"taxonomy":"category","embeddable":true,"href":"https:\/\/diariorepublica.com.ar\/web\/index.php\/wp-json\/wp\/v2\/categories?post=22794"},{"taxonomy":"post_tag","embeddable":true,"href":"https:\/\/diariorepublica.com.ar\/web\/index.php\/wp-json\/wp\/v2\/tags?post=22794"}],"curies":[{"name":"wp","href":"https:\/\/api.w.org\/{rel}","templated":true}]}}