{"id":22850,"date":"2025-04-01T12:46:16","date_gmt":"2025-04-01T15:46:16","guid":{"rendered":"https:\/\/diariorepublica.com.ar\/web\/?p=22850"},"modified":"2025-04-01T12:46:18","modified_gmt":"2025-04-01T15:46:18","slug":"con-casi-300-alumnos-abrio-el-ciclo-lectivo-2025-de-los-centros-de-estimulacion-de-la-infancia-y-familia","status":"publish","type":"post","link":"https:\/\/diariorepublica.com.ar\/web\/index.php\/locales\/2025\/04\/01\/con-casi-300-alumnos-abrio-el-ciclo-lectivo-2025-de-los-centros-de-estimulacion-de-la-infancia-y-familia\/","title":{"rendered":"Con casi 300 alumnos abri\u00f3 el ciclo lectivo 2025 de los centros de estimulaci\u00f3n de la infancia y familia"},"content":{"rendered":"<p dir=\"ltr\">En el polideportivo municipal Mario \u201cKokin\u201d Arag\u00f3n, se llev\u00f3 a cabo el acto de apertura del ciclo lectivo 2025 para los centros de estimulaci\u00f3n destinados a ni\u00f1os y ni\u00f1as de 2 y 3 a\u00f1os. Este a\u00f1o, cerca de 300 inscriptos participar\u00e1n en las propuestas educativas.Durante el evento, se realiz\u00f3 la entrega de juegos did\u00e1cticos y juguetes, con el objetivo de enriquecer la experiencia de los peque\u00f1os.<\/p>\n<p dir=\"ltr\">Los centros de estimulaci\u00f3n de la infancia y familia son espacios socio-educativos que brindan un servicio a la comunidad, donde los ni\u00f1os aprenden a compartir, socializar y descubrir mediante actividades integradoras y proyectos creativos. La educaci\u00f3n, desde el punto de vista del equipo profesional que integra esta gran propuesta, se considera una tarea compartida entre familias, educadores y directivos, destacando el compromiso de los docentes en proporcionar el cuidado necesario y atender las demandas de cada familia, enfoc\u00e1ndose en el desarrollo integral de los peque\u00f1os alumnos.<\/p>\n<p dir=\"ltr\">Durante el acto, la secretaria de Educaci\u00f3n y Cultura, Marqueza Blanco\u00a0 expres\u00f3: \u00abContamos con siete centros en los cuatro puntos cardinales de nuestra Capital y estamos muy contentos de encontrarnos nuevamente acompa\u00f1ados por toda la familia. Este a\u00f1o en particular tenemos una matr\u00edcula de casi 300 alumnos, ni\u00f1os que, con mucho amor, coraz\u00f3n de nuestras docentes y con el gran compromiso que d\u00eda a d\u00eda ellas ponen en su tarea, seguramente van a poder lograr el objetivo que es estimularlos, hacerlos que crezcan, adquieran h\u00e1bitos saludables y sobre todo que sean felices junto a otros ni\u00f1os de su misma edad\u201d.<\/p>\n<p dir=\"ltr\">Los centros est\u00e1n ubicados en diversos puntos de la ciudad para poder llegar con la propuesta a cada rinc\u00f3n de la ciudad y continuar las pol\u00edticas educativas impulsadas por el intendente de la Capital Gustavo Saadi.\u00a0 Banda de Varela (zona Este), Altos de Choya, Parque Norte (Norte), Villa Cubas (Oeste), La Tablada, La Vi\u00f1ita (Sur) y Apolo (Sudoeste).<\/p>\n","protected":false},"excerpt":{"rendered":"<p>En el polideportivo municipal Mario \u201cKokin\u201d Arag\u00f3n, se llev\u00f3 a cabo el acto de apertura del ciclo lectivo 2025 para<\/p>\n","protected":false},"author":1,"featured_media":22851,"comment_status":"closed","ping_status":"closed","sticky":false,"template":"","format":"standard","meta":{"footnotes":"","jetpack_publicize_message":"","jetpack_publicize_feature_enabled":true,"jetpack_social_post_already_shared":true,"jetpack_social_options":{"image_generator_settings":{"template":"highway","enabled":false},"version":2}},"categories":[2],"tags":[],"class_list":["post-22850","post","type-post","status-publish","format-standard","has-post-thumbnail","hentry","category-locales"],"jetpack_publicize_connections":[],"_links":{"self":[{"href":"https:\/\/diariorepublica.com.ar\/web\/index.php\/wp-json\/wp\/v2\/posts\/22850"}],"collection":[{"href":"https:\/\/diariorepublica.com.ar\/web\/index.php\/wp-json\/wp\/v2\/posts"}],"about":[{"href":"https:\/\/diariorepublica.com.ar\/web\/index.php\/wp-json\/wp\/v2\/types\/post"}],"author":[{"embeddable":true,"href":"https:\/\/diariorepublica.com.ar\/web\/index.php\/wp-json\/wp\/v2\/users\/1"}],"replies":[{"embeddable":true,"href":"https:\/\/diariorepublica.com.ar\/web\/index.php\/wp-json\/wp\/v2\/comments?post=22850"}],"version-history":[{"count":1,"href":"https:\/\/diariorepublica.com.ar\/web\/index.php\/wp-json\/wp\/v2\/posts\/22850\/revisions"}],"predecessor-version":[{"id":22852,"href":"https:\/\/diariorepublica.com.ar\/web\/index.php\/wp-json\/wp\/v2\/posts\/22850\/revisions\/22852"}],"wp:featuredmedia":[{"embeddable":true,"href":"https:\/\/diariorepublica.com.ar\/web\/index.php\/wp-json\/wp\/v2\/media\/22851"}],"wp:attachment":[{"href":"https:\/\/diariorepublica.com.ar\/web\/index.php\/wp-json\/wp\/v2\/media?parent=22850"}],"wp:term":[{"taxonomy":"category","embeddable":true,"href":"https:\/\/diariorepublica.com.ar\/web\/index.php\/wp-json\/wp\/v2\/categories?post=22850"},{"taxonomy":"post_tag","embeddable":true,"href":"https:\/\/diariorepublica.com.ar\/web\/index.php\/wp-json\/wp\/v2\/tags?post=22850"}],"curies":[{"name":"wp","href":"https:\/\/api.w.org\/{rel}","templated":true}]}}