{"id":22930,"date":"2025-04-07T00:08:00","date_gmt":"2025-04-07T03:08:00","guid":{"rendered":"https:\/\/diariorepublica.com.ar\/web\/?p=22930"},"modified":"2025-04-07T09:10:29","modified_gmt":"2025-04-07T12:10:29","slug":"investigan-un-presunto-femicidio-en-el-barrio-altos-de-choya","status":"publish","type":"post","link":"https:\/\/diariorepublica.com.ar\/web\/index.php\/policiales\/2025\/04\/07\/investigan-un-presunto-femicidio-en-el-barrio-altos-de-choya\/","title":{"rendered":"Investigan un presunto femicidio en el Barrio Altos de Choya"},"content":{"rendered":"<p>La fiscal Paola Gonz\u00e1lez Pinto se encuentra abocada a la investigaci\u00f3n de la muerte de caracter\u00edsticas violentas de una mujer. El supuesto autor del hecho, un hombre de 63 a\u00f1os atento contra su vida, pero fue rescatado por la polic\u00eda. Actualmente est\u00e1 internado en el hospital.<\/p>\n<p>De acuerdo a la informaci\u00f3n oficial a la que tuvo acceso La Uni\u00f3n el hecho sucedi\u00f3 esta tarde en una vivienda del barrio alto de Choya, m\u00e1s precisamente en la calle 2 de abril y avenida Choya. Por causas que son motivo de investigaci\u00f3n judicial una mujer mayor de edad, identificada como Alicia Su\u00e1rez de aproximadamente 40 a\u00f1os, fue pu\u00f1alada por un sexagenario con qui\u00e9n mantendr\u00eda un v\u00ednculo de pareja.<\/p>\n<p>Un llamado telef\u00f3nico a la Comisar\u00eda S\u00e9ptima alert\u00f3 del homicidio a los polic\u00edas quienes cuando llegaron al lugar intervinieron para que el hombre de 63 a\u00f1os no terminar\u00e1 con su vida.<\/p>\n<p>En tanto llamaron de inmediato al SAME pero al llegar la unidad de salud, nada pudieron hacer los profesionales la mujer hab\u00eda fallecido.<\/p>\n<p>Por disposici\u00f3n del fiscal en turno del distrito norte, la polic\u00eda procedi\u00f3 al arresto preventivo de tres hombres de 53, 42 y 39 a\u00f1os quienes estaban en la escena del crimen cuando llego la polic\u00eda.<\/p>\n<p>Por disposici\u00f3n tambi\u00e9n judicial personal de Homicidio y de la direcci\u00f3n de criminal\u00edstica llegaron al lugar para trabajar sobre la escena, disponiendo se luego el traslado del cuerpo de la v\u00edctima a la morgue para la posterior autopsia.<\/p>\n","protected":false},"excerpt":{"rendered":"<p>La fiscal Paola Gonz\u00e1lez Pinto se encuentra abocada a la investigaci\u00f3n de la muerte de caracter\u00edsticas violentas de una mujer.<\/p>\n","protected":false},"author":1,"featured_media":22931,"comment_status":"closed","ping_status":"closed","sticky":false,"template":"","format":"standard","meta":{"footnotes":"","jetpack_publicize_message":"","jetpack_publicize_feature_enabled":true,"jetpack_social_post_already_shared":true,"jetpack_social_options":{"image_generator_settings":{"template":"highway","enabled":false},"version":2}},"categories":[8],"tags":[],"class_list":["post-22930","post","type-post","status-publish","format-standard","has-post-thumbnail","hentry","category-policiales"],"jetpack_publicize_connections":[],"_links":{"self":[{"href":"https:\/\/diariorepublica.com.ar\/web\/index.php\/wp-json\/wp\/v2\/posts\/22930"}],"collection":[{"href":"https:\/\/diariorepublica.com.ar\/web\/index.php\/wp-json\/wp\/v2\/posts"}],"about":[{"href":"https:\/\/diariorepublica.com.ar\/web\/index.php\/wp-json\/wp\/v2\/types\/post"}],"author":[{"embeddable":true,"href":"https:\/\/diariorepublica.com.ar\/web\/index.php\/wp-json\/wp\/v2\/users\/1"}],"replies":[{"embeddable":true,"href":"https:\/\/diariorepublica.com.ar\/web\/index.php\/wp-json\/wp\/v2\/comments?post=22930"}],"version-history":[{"count":1,"href":"https:\/\/diariorepublica.com.ar\/web\/index.php\/wp-json\/wp\/v2\/posts\/22930\/revisions"}],"predecessor-version":[{"id":22932,"href":"https:\/\/diariorepublica.com.ar\/web\/index.php\/wp-json\/wp\/v2\/posts\/22930\/revisions\/22932"}],"wp:featuredmedia":[{"embeddable":true,"href":"https:\/\/diariorepublica.com.ar\/web\/index.php\/wp-json\/wp\/v2\/media\/22931"}],"wp:attachment":[{"href":"https:\/\/diariorepublica.com.ar\/web\/index.php\/wp-json\/wp\/v2\/media?parent=22930"}],"wp:term":[{"taxonomy":"category","embeddable":true,"href":"https:\/\/diariorepublica.com.ar\/web\/index.php\/wp-json\/wp\/v2\/categories?post=22930"},{"taxonomy":"post_tag","embeddable":true,"href":"https:\/\/diariorepublica.com.ar\/web\/index.php\/wp-json\/wp\/v2\/tags?post=22930"}],"curies":[{"name":"wp","href":"https:\/\/api.w.org\/{rel}","templated":true}]}}