{"id":2294,"date":"2023-05-03T07:14:13","date_gmt":"2023-05-03T10:14:13","guid":{"rendered":"https:\/\/diariorepublica.com.ar\/web\/?p=2294"},"modified":"2023-05-03T07:14:14","modified_gmt":"2023-05-03T10:14:14","slug":"se-presento-catamarca-productiva-expo-tech-2023","status":"publish","type":"post","link":"https:\/\/diariorepublica.com.ar\/web\/index.php\/locales\/2023\/05\/03\/se-presento-catamarca-productiva-expo-tech-2023\/","title":{"rendered":"Se present\u00f3 Catamarca Productiva Expo Tech 2023"},"content":{"rendered":"<p>En Casa de Gobierno, este martes, se present\u00f3 en conferencia de prensa la muestra productiva. La misma estuvo encabezada por el gobernador Ra\u00fal Jalil y el ministro de Inclusi\u00f3n Digital y Sistemas Productivos, Dalmacio Mera. Tambi\u00e9n estuvieron presentes la ministra de Econom\u00eda, Alejandra Nazareno; el secretario de Producci\u00f3n y Tecnolog\u00eda Agropecuaria, Fernando Molina; y la secretar\u00eda de Inclusi\u00f3n Digital, Anah\u00ed Perea.<\/p>\n<p>Catamarca Productiva Expo Tech 2023 es impulsada por el Gobierno de Catamarca y el Ministerio de Inclusi\u00f3n Digital y Sistemas Productivos, junto al Consejo Federal de Inversiones (CFI) con el prop\u00f3sito de exhibir el trabajo de emprendedores locales, productores y empresas de 12 provincias. Se expondr\u00e1n una diversidad de productos junto a herramientas de tecnolog\u00eda, inteligencia artificial, biotecnolog\u00eda y gen\u00e9tica que buscan fortalecer el crecimiento y desarrollo de las econom\u00edas regionales.<\/p>\n<p>Es un evento que re\u00fane a expositores relacionados al sector productivo y tecnol\u00f3gico, que permite impulsar las econom\u00edas agr\u00edcola-ganadero, agroindustrial y tecnol\u00f3gico. La muestra busca mostrar el potencial y la calidad de producci\u00f3n local con el fin fortalecer los medios de comercializaci\u00f3n estando en contacto directo con el p\u00fablico.<\/p>\n<p><strong>Programaci\u00f3n<\/strong><\/p>\n<p>Se contar\u00e1 con la presencia de expositores de 12 provincias, 18 caba\u00f1as donde podr\u00e1n exhibir sus productos. En el esperado programa se destacan charlas y capacitaciones certificadas de primer orden en el manejo de la agricultura, la ganader\u00eda, en la comercializaci\u00f3n y en aspectos sanitarios, de biogen\u00e9tica, que estar\u00e1n a cargo de expositores locales, nacionales e internacionales, sommeliers y en\u00f3logos.<\/p>\n<p>Adem\u00e1s, esta edici\u00f3n tendr\u00e1 expuestos 50 espacios institucionales en un escenario mayor, donde se buscar\u00e1 mejorar la calidad de nuestros productos en lo que hace a la vitivinicultura, a la producci\u00f3n org\u00e1nica y a las nuevas tecnolog\u00edas.<\/p>\n<p>Por otro lado, se presentar\u00e1n firmas especialistas en nuevas tecnolog\u00edas que permitir\u00e1n eficientizar la agricultura y ganader\u00eda de precisi\u00f3n, cuidar nuestros recursos naturales y productivos.<\/p>\n<p>El programa de cada jornada contar\u00e1 con la presencia de 12 artistas catamarque\u00f1os y catamarque\u00f1as, un ballet para agasajar a visitantes y productores, concursos, entre otras actividades l\u00fadicas.<\/p>\n<p><strong>Entrega de reproductores<\/strong><\/p>\n<p>Durante la conferencia, el\u00a0<strong>ministro Dalmacio Mera<\/strong>\u00a0anunci\u00f3 que \u201cse firmar\u00e1n convenios para la entrega de reproductores del Plan Ganadero a distintos municipios. Se trata de animales de primera l\u00ednea con gen\u00e9tica de nivel mundial\u201d.<\/p>\n<p>Seg\u00fan destac\u00f3 \u00abdiez de ellos se entregar\u00e1n ma\u00f1ana, en el departamento Santa Rosa, en la localidad de Los Altos, con la visita del presidente de la Naci\u00f3n. Es una buena oportunidad para que el pa\u00eds pueda ver la calidad de reproductores que est\u00e1 haciendo Catamarca\u201d.<\/p>\n<p>Durante otro tramo de su alocuci\u00f3n, sostuvo: \u201cel objetivo de la expo productiva y tecnol\u00f3gica es exhibir el potencial y la diversidad productiva provincial a trav\u00e9s de la exposici\u00f3n de 150 stands entre productores privados, particulares, del orden de la producci\u00f3n primaria, de producci\u00f3n agroindustrial y maquinaria. El INTA nos acompa\u00f1ar\u00e1, YPF agro, Laboratorios y productores de semilla como BioPuna\u201d.<\/p>\n<p>En la misma l\u00ednea, remarc\u00f3 que \u201cla inversi\u00f3n del Gobierno Provincial inici\u00f3 en lo vacuno con el Plan de gen\u00e9tica Provincial, ahora con la incorporaci\u00f3n especies menores (caprinas y ovinas), entendiendo que muchos productores del interior tienen en este momento la oportunidad de mejorar su gen\u00e9tica, su productividad y sus ingresos familiares. Cada peque\u00f1o productor necesita ingresar al mercado formal, generar competitividad no solo en el consumo interno, sino a nivel nacional e internacional. Las oportunidades de intercambio comercial y las tecnolog\u00edas aplicadas, son parte de un esfuerzo econ\u00f3mico de la Provincia con Naci\u00f3n y el equipo de trabajo del gobierno\u201d, concluy\u00f3 su discurso.<\/p>\n","protected":false},"excerpt":{"rendered":"<p>En Casa de Gobierno, este martes, se present\u00f3 en conferencia de prensa la muestra productiva. La misma estuvo encabezada por<\/p>\n","protected":false},"author":1,"featured_media":2295,"comment_status":"closed","ping_status":"closed","sticky":false,"template":"","format":"standard","meta":{"footnotes":"","jetpack_publicize_message":"","jetpack_publicize_feature_enabled":true,"jetpack_social_post_already_shared":false,"jetpack_social_options":{"image_generator_settings":{"template":"highway","enabled":false},"version":2}},"categories":[2],"tags":[],"class_list":["post-2294","post","type-post","status-publish","format-standard","has-post-thumbnail","hentry","category-locales"],"jetpack_publicize_connections":[],"_links":{"self":[{"href":"https:\/\/diariorepublica.com.ar\/web\/index.php\/wp-json\/wp\/v2\/posts\/2294"}],"collection":[{"href":"https:\/\/diariorepublica.com.ar\/web\/index.php\/wp-json\/wp\/v2\/posts"}],"about":[{"href":"https:\/\/diariorepublica.com.ar\/web\/index.php\/wp-json\/wp\/v2\/types\/post"}],"author":[{"embeddable":true,"href":"https:\/\/diariorepublica.com.ar\/web\/index.php\/wp-json\/wp\/v2\/users\/1"}],"replies":[{"embeddable":true,"href":"https:\/\/diariorepublica.com.ar\/web\/index.php\/wp-json\/wp\/v2\/comments?post=2294"}],"version-history":[{"count":1,"href":"https:\/\/diariorepublica.com.ar\/web\/index.php\/wp-json\/wp\/v2\/posts\/2294\/revisions"}],"predecessor-version":[{"id":2296,"href":"https:\/\/diariorepublica.com.ar\/web\/index.php\/wp-json\/wp\/v2\/posts\/2294\/revisions\/2296"}],"wp:featuredmedia":[{"embeddable":true,"href":"https:\/\/diariorepublica.com.ar\/web\/index.php\/wp-json\/wp\/v2\/media\/2295"}],"wp:attachment":[{"href":"https:\/\/diariorepublica.com.ar\/web\/index.php\/wp-json\/wp\/v2\/media?parent=2294"}],"wp:term":[{"taxonomy":"category","embeddable":true,"href":"https:\/\/diariorepublica.com.ar\/web\/index.php\/wp-json\/wp\/v2\/categories?post=2294"},{"taxonomy":"post_tag","embeddable":true,"href":"https:\/\/diariorepublica.com.ar\/web\/index.php\/wp-json\/wp\/v2\/tags?post=2294"}],"curies":[{"name":"wp","href":"https:\/\/api.w.org\/{rel}","templated":true}]}}