{"id":22945,"date":"2025-04-07T00:57:00","date_gmt":"2025-04-07T03:57:00","guid":{"rendered":"https:\/\/diariorepublica.com.ar\/web\/?p=22945"},"modified":"2025-04-07T09:58:42","modified_gmt":"2025-04-07T12:58:42","slug":"boca-le-gano-1-a-0-a-barracas-y-recupero-la-cima-de-la-zona-a-del-torneo-apertura","status":"publish","type":"post","link":"https:\/\/diariorepublica.com.ar\/web\/index.php\/deportes\/2025\/04\/07\/boca-le-gano-1-a-0-a-barracas-y-recupero-la-cima-de-la-zona-a-del-torneo-apertura\/","title":{"rendered":"Boca le gan\u00f3 1 a 0 a Barracas y recuper\u00f3 la cima de la Zona A del Torneo Apertura"},"content":{"rendered":"<article id=\"article-post\" class=\"first\">\n<div class=\"cuerpo\" data-twitter-link=\"https:\/\/twitter.com\/intent\/tweet?url=https:\/\/www.diariopopular.com.ar\/c836905&amp;via=poopulardiario&amp;related=Popular&amp;text=\">\n<p>Tras la sorpresiva derrota con Newell&#8217;s,<strong>\u00a0Boca se recuper\u00f3 en La Bombonera con un triunfo por 1 a 0 a Barracas Central para volver a la cima de la Zona A del Torneo Apertura.<\/strong>\u00a0Rodrigo Battaglia fue el autor del gol de la victoria que dej\u00f3 a nada al equipo de Fernando Gago de asegurar su boleto a los octavos de final del campeonato local.\u00a0<strong>Y a Cavani le anularon dos goles, el primero por falta sobre el arquero (mucha pol\u00e9mica) y el segundo por offside.<\/strong><\/p>\n<\/div>\n<\/article>\n<article id=\"article-post\">\n<div class=\"cuerpo\" data-twitter-link=\"https:\/\/twitter.com\/intent\/tweet?url=https:\/\/www.diariopopular.com.ar\/c836905&amp;via=poopulardiario&amp;related=Popular&amp;text=\">\n<p>El Xeneize avis\u00f3 en el inicio con una chance de Blondel. Sin embargo, poco a poco el Guapo gan\u00f3 confianza y gener\u00f3 situaciones: estuvo cerca de pasar al frente con oportunidades de Kevin Jappert y Facundo Bruera. Y\u00a0<strong>en ese primer tiempo hubo dos pol\u00e9micas<\/strong>. La primera,\u00a0<strong>un topetazo de Milton Gim\u00e9nez a Jappert\u00a0<\/strong>por el que fue amonestado y\u00a0<strong>todo el visitante pidi\u00f3 la roja.\u00a0<\/strong>Y m\u00e1s adelante,\u00a0<strong>a Cavani le anularon un gol de tijera porque Echenique consider\u00f3 que le hab\u00eda hecho falta a Marcos Ledesma en la previa de su definici\u00f3n.<\/strong><\/p>\n<p>De todas maneras, Boca tuvo revancha r\u00e1pido.\u00a0<strong>En la siguiente jugada, tras un centro de Lautaro Blanco, Rodrigo Battaglia conect\u00f3 dentro del \u00e1rea y abri\u00f3 el marcador a favor de los locales: fue el 1-0 para el equipo de Fernando Gago.<\/strong><\/p>\n<div id=\"embed1_wrap\" class=\"embed_cont type_freetext\" contenteditable=\"false\">\n<div id=\"embed1_content\" class=\"embed_content\">\n<div id=\"embed1_embed\"><iframe loading=\"lazy\" title=\"YouTube video player\" src=\"https:\/\/www.youtube.com\/embed\/gwIQh9A-lik?si=LqFPZH18KSZEfNKS\" width=\"560\" height=\"315\" frameborder=\"0\" allowfullscreen=\"allowfullscreen\" data-gtm-yt-inspected-15=\"true\" data-mce-fragment=\"1\"><\/iframe><\/div>\n<\/div>\n<div id=\"embed1_epigrafe\" class=\"embed_epigrafe\"><\/div>\n<div id=\"embed1_copyright\" class=\"embed_copyright\"><\/div>\n<\/div>\n<p>En la segunda mitad, el Xeneize gener\u00f3 muy pocas aproximaciones. En una de ellas, le anularon nuevamente un gol a Cavani (por un offside de Carlos Palacios, quien lo hab\u00eda asistido). Mientras,\u00a0<strong>Barracas no encontr\u00f3 el camino para lastimar al equipo local, que finalmente se impuso por la m\u00ednima diferencia en la Bombonera.<\/strong><\/p>\n<p>Con este triunfo,\u00a0<strong>Boca se recuper\u00f3 del duro golpe en Rosario y trep\u00f3 a la cima de la Zona A: es l\u00edder con 26 puntos, dos m\u00e1s que Tigre\u00a0<\/strong>(que es escolta y este lunes se mide con Newell&#8217;s en Victoria). En su pr\u00f3xima presentaci\u00f3n, el conjunto de Gago visitar\u00e1 a Belgrano en C\u00f3rdoba el s\u00e1bado 12 de abril.<\/p>\n<p>Por su parte, Barracas sigue s\u00e9ptimo, con 17 puntos, en zona de clasificaci\u00f3n. En la fecha 13, chocar\u00e1 con Tigre como local, en un duelo clave en la lucha por meterse en los octavos de final del Apertura 2025.<\/p>\n<\/div>\n<\/article>\n","protected":false},"excerpt":{"rendered":"<p>Tras la sorpresiva derrota con Newell&#8217;s,\u00a0Boca se recuper\u00f3 en La Bombonera con un triunfo por 1 a 0 a Barracas<\/p>\n","protected":false},"author":1,"featured_media":22946,"comment_status":"closed","ping_status":"closed","sticky":false,"template":"","format":"standard","meta":{"footnotes":"","jetpack_publicize_message":"","jetpack_publicize_feature_enabled":true,"jetpack_social_post_already_shared":true,"jetpack_social_options":{"image_generator_settings":{"template":"highway","enabled":false},"version":2}},"categories":[9],"tags":[],"class_list":["post-22945","post","type-post","status-publish","format-standard","has-post-thumbnail","hentry","category-deportes"],"jetpack_publicize_connections":[],"_links":{"self":[{"href":"https:\/\/diariorepublica.com.ar\/web\/index.php\/wp-json\/wp\/v2\/posts\/22945"}],"collection":[{"href":"https:\/\/diariorepublica.com.ar\/web\/index.php\/wp-json\/wp\/v2\/posts"}],"about":[{"href":"https:\/\/diariorepublica.com.ar\/web\/index.php\/wp-json\/wp\/v2\/types\/post"}],"author":[{"embeddable":true,"href":"https:\/\/diariorepublica.com.ar\/web\/index.php\/wp-json\/wp\/v2\/users\/1"}],"replies":[{"embeddable":true,"href":"https:\/\/diariorepublica.com.ar\/web\/index.php\/wp-json\/wp\/v2\/comments?post=22945"}],"version-history":[{"count":1,"href":"https:\/\/diariorepublica.com.ar\/web\/index.php\/wp-json\/wp\/v2\/posts\/22945\/revisions"}],"predecessor-version":[{"id":22947,"href":"https:\/\/diariorepublica.com.ar\/web\/index.php\/wp-json\/wp\/v2\/posts\/22945\/revisions\/22947"}],"wp:featuredmedia":[{"embeddable":true,"href":"https:\/\/diariorepublica.com.ar\/web\/index.php\/wp-json\/wp\/v2\/media\/22946"}],"wp:attachment":[{"href":"https:\/\/diariorepublica.com.ar\/web\/index.php\/wp-json\/wp\/v2\/media?parent=22945"}],"wp:term":[{"taxonomy":"category","embeddable":true,"href":"https:\/\/diariorepublica.com.ar\/web\/index.php\/wp-json\/wp\/v2\/categories?post=22945"},{"taxonomy":"post_tag","embeddable":true,"href":"https:\/\/diariorepublica.com.ar\/web\/index.php\/wp-json\/wp\/v2\/tags?post=22945"}],"curies":[{"name":"wp","href":"https:\/\/api.w.org\/{rel}","templated":true}]}}