{"id":22981,"date":"2025-04-10T00:25:00","date_gmt":"2025-04-10T03:25:00","guid":{"rendered":"https:\/\/diariorepublica.com.ar\/web\/?p=22981"},"modified":"2025-04-10T07:27:21","modified_gmt":"2025-04-10T10:27:21","slug":"primer-encuentro-del-ciclo-de-conferencias-municipal-sobre-innovacion-educativa","status":"publish","type":"post","link":"https:\/\/diariorepublica.com.ar\/web\/index.php\/locales\/2025\/04\/10\/primer-encuentro-del-ciclo-de-conferencias-municipal-sobre-innovacion-educativa\/","title":{"rendered":"Primer encuentro del Ciclo de Conferencias Municipal sobre Innovaci\u00f3n Educativa"},"content":{"rendered":"<p>Con la destacada participaci\u00f3n de la especialista en educaci\u00f3n, Laura Lewin, la Secretar\u00eda de Educaci\u00f3n y Cultura dio inicio al 1er Encuentro del Ciclo de Conferencias Municipal sobre Innovaci\u00f3n Educativa. Este evento, organizado a trav\u00e9s de la Administraci\u00f3n de Planeamiento e Innovaci\u00f3n Educativa, tiene como objetivo fomentar la reflexi\u00f3n entre los docentes de la provincia sobre las pr\u00e1cticas pedag\u00f3gicas actuales.<\/p>\n<p>El encuentro se llev\u00f3 a cabo en el Cineteatro Catamarca y reuni\u00f3 a aproximadamente 1200 docentes de todos los niveles, as\u00ed como a directivos, t\u00e9cnicos en educaci\u00f3n y funcionarios. Durante la jornada, se realizaron dos talleres que invitaron a los participantes a explorar propuestas innovadoras para mejorar el proceso educativo.<\/p>\n<p>La secretaria de Educaci\u00f3n y Cultura, CPN Marqueza Blanco, destac\u00f3 durante la apertura: \u201cEste ciclo representa una oportunidad \u00fanica para repensar nuestras aulas, para animarnos a transformar la educaci\u00f3n desde el compromiso, creatividad y la innovaci\u00f3n\u201d.<\/p>\n<p>Con estas iniciativas, el municipio capitalino se posiciona como un promotor clave en el fortalecimiento del sistema educativo y busca transformar a la Capital en una ciudad centrada en la educaci\u00f3n.<\/p>\n","protected":false},"excerpt":{"rendered":"<p>Con la destacada participaci\u00f3n de la especialista en educaci\u00f3n, Laura Lewin, la Secretar\u00eda de Educaci\u00f3n y Cultura dio inicio al<\/p>\n","protected":false},"author":1,"featured_media":22982,"comment_status":"closed","ping_status":"closed","sticky":false,"template":"","format":"standard","meta":{"footnotes":"","jetpack_publicize_message":"","jetpack_publicize_feature_enabled":true,"jetpack_social_post_already_shared":true,"jetpack_social_options":{"image_generator_settings":{"template":"highway","enabled":false},"version":2}},"categories":[2],"tags":[],"class_list":["post-22981","post","type-post","status-publish","format-standard","has-post-thumbnail","hentry","category-locales"],"jetpack_publicize_connections":[],"_links":{"self":[{"href":"https:\/\/diariorepublica.com.ar\/web\/index.php\/wp-json\/wp\/v2\/posts\/22981"}],"collection":[{"href":"https:\/\/diariorepublica.com.ar\/web\/index.php\/wp-json\/wp\/v2\/posts"}],"about":[{"href":"https:\/\/diariorepublica.com.ar\/web\/index.php\/wp-json\/wp\/v2\/types\/post"}],"author":[{"embeddable":true,"href":"https:\/\/diariorepublica.com.ar\/web\/index.php\/wp-json\/wp\/v2\/users\/1"}],"replies":[{"embeddable":true,"href":"https:\/\/diariorepublica.com.ar\/web\/index.php\/wp-json\/wp\/v2\/comments?post=22981"}],"version-history":[{"count":1,"href":"https:\/\/diariorepublica.com.ar\/web\/index.php\/wp-json\/wp\/v2\/posts\/22981\/revisions"}],"predecessor-version":[{"id":22983,"href":"https:\/\/diariorepublica.com.ar\/web\/index.php\/wp-json\/wp\/v2\/posts\/22981\/revisions\/22983"}],"wp:featuredmedia":[{"embeddable":true,"href":"https:\/\/diariorepublica.com.ar\/web\/index.php\/wp-json\/wp\/v2\/media\/22982"}],"wp:attachment":[{"href":"https:\/\/diariorepublica.com.ar\/web\/index.php\/wp-json\/wp\/v2\/media?parent=22981"}],"wp:term":[{"taxonomy":"category","embeddable":true,"href":"https:\/\/diariorepublica.com.ar\/web\/index.php\/wp-json\/wp\/v2\/categories?post=22981"},{"taxonomy":"post_tag","embeddable":true,"href":"https:\/\/diariorepublica.com.ar\/web\/index.php\/wp-json\/wp\/v2\/tags?post=22981"}],"curies":[{"name":"wp","href":"https:\/\/api.w.org\/{rel}","templated":true}]}}