{"id":2300,"date":"2023-05-03T07:36:43","date_gmt":"2023-05-03T10:36:43","guid":{"rendered":"https:\/\/diariorepublica.com.ar\/web\/?p=2300"},"modified":"2023-05-03T07:36:44","modified_gmt":"2023-05-03T10:36:44","slug":"dimos-catedra-de-futbol-german-cano-celebro-la-goleada-de-fluminense-a-river","status":"publish","type":"post","link":"https:\/\/diariorepublica.com.ar\/web\/index.php\/deportes\/2023\/05\/03\/dimos-catedra-de-futbol-german-cano-celebro-la-goleada-de-fluminense-a-river\/","title":{"rendered":"\u00abDimos c\u00e1tedra de f\u00fatbol\u00bb: Germ\u00e1n Cano celebr\u00f3 la goleada de Fluminense a River"},"content":{"rendered":"<p>El\u00a0<strong>delantero del Fluminense Germ\u00e1n Cano<\/strong>\u00a0se convirti\u00f3 este martes en la\u00a0<strong>pesadilla de River Plate<\/strong>. Sin respiro,\u00a0<strong>anot\u00f3 tres de los cinco goles de su equipo<\/strong>\u00a0y dej\u00f3 en una situaci\u00f3n m\u00e1s que complicada al \u00abMillonario\u00bb de Mart\u00edn Demichelis. \u00abDimos c\u00e1tedra de c\u00f3mo se juega al f\u00fatbol: con ambici\u00f3n, con esfuerzo, con humildad y por eso nos llevamos un justo resultado\u00bb, afirm\u00f3 el delantero argentino, estrella del Fluminense.<\/p>\n<p>\u00abEs una alegr\u00eda enorme poder hacerle tres goles a River. Es un orgullo, un placer muy grande, felicitar a todos mis compa\u00f1eros porque sin ellos no hab\u00eda podido hacerlo\u00bb, sum\u00f3 Cano tras el partido, jugado en el Estadio Maracan\u00e1, por la\u00a0<strong>tercera fecha del Grupo D de la Copa CONMEBOL Libertadores<\/strong>. Con 35 a\u00f1os,\u00a0<strong>el jugador bati\u00f3 el r\u00e9cord del noruego Erling Haaland: 23 goles en lo que va del a\u00f1o<\/strong>. S\u00f3lo en Fluminense, club al que lleg\u00f3 en 2022, anot\u00f3 67 goles en 91 partidos.<\/p>\n<p>Con un paso fugaz en la Argentina, donde jug\u00f3 en Lan\u00fas, Chacarita y Col\u00f3n, fue en Colombia y en Brasil donde el nacido en Lomas de Zamora se hizo conocido por romper las redes. Independiente Medell\u00edn lo tiene entre sus principales \u00eddolos, al sumar 129 goles en 196 partidos. Su presente en Fluminense parece repetir esa historia y lo aleja de dos experiencias olvidables: el fugaz paso por el f\u00fatbol mexicano con el Pachuca y el Le\u00f3n.<\/p>\n<p><strong>El resumen del partido<\/strong><\/p>\n<p>Con la goleada sufrida esta noche, River complic\u00f3 su continuidad en la Copa:\u00a0<strong>el 5 a 1 fue un resultado tan final como tenebroso<\/strong>. Hasta el momento, acumula\u00a03 puntos contra 9 de Fluminense, por lo que\u00a0<strong>deber\u00e1 ganar los tres partidos que le restan como local y ver si puede sumar en Per\u00fa ante Sporting Cristal para no complicarse<\/strong>.<\/p>\n<p>Al hat-trick de Cano se suma el doblete de Jhon Arias. El \u00fanico gol de River lleg\u00f3 con Lucas Beltr\u00e1n. Pero no bast\u00f3 con los goles para desestabilizar a River: tambi\u00e9n perdi\u00f3 un hombre. El \u00e1rbitro uruguayo Esteban Ostojich\u00a0expuls\u00f3 a Leandro Gonz\u00e1lez Pirez.<\/p>\n<p>Tras la derrota,\u00a0<strong>el equipo de N\u00fa\u00f1ez deber\u00eda enfrentar este domingo el Supercl\u00e1sico contra Boca Juniors<\/strong>.<\/p>\n<p>El resumen de la victoria 5-1 de Fluminense \ud83c\udde7\ud83c\uddf7 ante River \ud83c\udde6\ud83c\uddf7.\u00a0<a href=\"https:\/\/twitter.com\/hashtag\/LibertadoresEnVarskySports?src=hash&amp;ref_src=twsrc%5Etfw\">#LibertadoresEnVarskySports<\/a>\u00a0<a href=\"https:\/\/twitter.com\/hashtag\/LibertadoresEnTelefe?src=hash&amp;ref_src=twsrc%5Etfw\">#LibertadoresEnTelefe<\/a>\u00a0<a href=\"https:\/\/twitter.com\/telefe?ref_src=twsrc%5Etfw\">@telefe<\/a>\u00a0<a href=\"https:\/\/t.co\/mLSB3Yf21b\">pic.twitter.com\/mLSB3Yf21b<\/a><\/p>\n<div class=\"twitter-tweet twitter-tweet-rendered\"><iframe id=\"twitter-widget-0\" class=\"\" title=\"Twitter Tweet\" src=\"https:\/\/platform.twitter.com\/embed\/Tweet.html?dnt=false&amp;embedId=twitter-widget-0&amp;features=eyJ0ZndfdGltZWxpbmVfbGlzdCI6eyJidWNrZXQiOltdLCJ2ZXJzaW9uIjpudWxsfSwidGZ3X2ZvbGxvd2VyX2NvdW50X3N1bnNldCI6eyJidWNrZXQiOnRydWUsInZlcnNpb24iOm51bGx9LCJ0ZndfdHdlZXRfZWRpdF9iYWNrZW5kIjp7ImJ1Y2tldCI6Im9uIiwidmVyc2lvbiI6bnVsbH0sInRmd19yZWZzcmNfc2Vzc2lvbiI6eyJidWNrZXQiOiJvbiIsInZlcnNpb24iOm51bGx9LCJ0ZndfZm9zbnJfc29mdF9pbnRlcnZlbnRpb25zX2VuYWJsZWQiOnsiYnVja2V0Ijoib24iLCJ2ZXJzaW9uIjpudWxsfSwidGZ3X21peGVkX21lZGlhXzE1ODk3Ijp7ImJ1Y2tldCI6InRyZWF0bWVudCIsInZlcnNpb24iOm51bGx9LCJ0ZndfZXhwZXJpbWVudHNfY29va2llX2V4cGlyYXRpb24iOnsiYnVja2V0IjoxMjA5NjAwLCJ2ZXJzaW9uIjpudWxsfSwidGZ3X3Nob3dfYmlyZHdhdGNoX3Bpdm90c19lbmFibGVkIjp7ImJ1Y2tldCI6Im9uIiwidmVyc2lvbiI6bnVsbH0sInRmd19kdXBsaWNhdGVfc2NyaWJlc190b19zZXR0aW5ncyI6eyJidWNrZXQiOiJvbiIsInZlcnNpb24iOm51bGx9LCJ0ZndfdXNlX3Byb2ZpbGVfaW1hZ2Vfc2hhcGVfZW5hYmxlZCI6eyJidWNrZXQiOiJvbiIsInZlcnNpb24iOm51bGx9LCJ0ZndfdmlkZW9faGxzX2R5bmFtaWNfbWFuaWZlc3RzXzE1MDgyIjp7ImJ1Y2tldCI6InRydWVfYml0cmF0ZSIsInZlcnNpb24iOm51bGx9LCJ0ZndfbGVnYWN5X3RpbWVsaW5lX3N1bnNldCI6eyJidWNrZXQiOnRydWUsInZlcnNpb24iOm51bGx9LCJ0ZndfdHdlZXRfZWRpdF9mcm9udGVuZCI6eyJidWNrZXQiOiJvbiIsInZlcnNpb24iOm51bGx9fQ%3D%3D&amp;frame=false&amp;hideCard=false&amp;hideThread=false&amp;id=1653591328062865421&amp;lang=es&amp;origin=https%3A%2F%2Fnoticias.mitelefe.com%2Fdeportes%2Fdimos-catedra-de-futbol-german-cano-celebro-la-goleada-de-fluminense-a-river%2F&amp;sessionId=d8b52458fb92da7274f585dc648f4fdb940d1198&amp;siteScreenName=telefenoticias&amp;theme=light&amp;widgetsVersion=aaf4084522e3a%3A1674595607486&amp;width=550px\" frameborder=\"0\" scrolling=\"no\" allowfullscreen=\"allowfullscreen\" data-tweet-id=\"1653591328062865421\" data-mce-fragment=\"1\"><\/iframe><\/div>\n","protected":false},"excerpt":{"rendered":"<p>El\u00a0delantero del Fluminense Germ\u00e1n Cano\u00a0se convirti\u00f3 este martes en la\u00a0pesadilla de River Plate. Sin respiro,\u00a0anot\u00f3 tres de los cinco goles<\/p>\n","protected":false},"author":1,"featured_media":2301,"comment_status":"closed","ping_status":"closed","sticky":false,"template":"","format":"standard","meta":{"footnotes":"","jetpack_publicize_message":"","jetpack_publicize_feature_enabled":true,"jetpack_social_post_already_shared":false,"jetpack_social_options":{"image_generator_settings":{"template":"highway","enabled":false},"version":2}},"categories":[9],"tags":[],"class_list":["post-2300","post","type-post","status-publish","format-standard","has-post-thumbnail","hentry","category-deportes"],"jetpack_publicize_connections":[],"_links":{"self":[{"href":"https:\/\/diariorepublica.com.ar\/web\/index.php\/wp-json\/wp\/v2\/posts\/2300"}],"collection":[{"href":"https:\/\/diariorepublica.com.ar\/web\/index.php\/wp-json\/wp\/v2\/posts"}],"about":[{"href":"https:\/\/diariorepublica.com.ar\/web\/index.php\/wp-json\/wp\/v2\/types\/post"}],"author":[{"embeddable":true,"href":"https:\/\/diariorepublica.com.ar\/web\/index.php\/wp-json\/wp\/v2\/users\/1"}],"replies":[{"embeddable":true,"href":"https:\/\/diariorepublica.com.ar\/web\/index.php\/wp-json\/wp\/v2\/comments?post=2300"}],"version-history":[{"count":1,"href":"https:\/\/diariorepublica.com.ar\/web\/index.php\/wp-json\/wp\/v2\/posts\/2300\/revisions"}],"predecessor-version":[{"id":2302,"href":"https:\/\/diariorepublica.com.ar\/web\/index.php\/wp-json\/wp\/v2\/posts\/2300\/revisions\/2302"}],"wp:featuredmedia":[{"embeddable":true,"href":"https:\/\/diariorepublica.com.ar\/web\/index.php\/wp-json\/wp\/v2\/media\/2301"}],"wp:attachment":[{"href":"https:\/\/diariorepublica.com.ar\/web\/index.php\/wp-json\/wp\/v2\/media?parent=2300"}],"wp:term":[{"taxonomy":"category","embeddable":true,"href":"https:\/\/diariorepublica.com.ar\/web\/index.php\/wp-json\/wp\/v2\/categories?post=2300"},{"taxonomy":"post_tag","embeddable":true,"href":"https:\/\/diariorepublica.com.ar\/web\/index.php\/wp-json\/wp\/v2\/tags?post=2300"}],"curies":[{"name":"wp","href":"https:\/\/api.w.org\/{rel}","templated":true}]}}