{"id":23002,"date":"2025-04-10T00:11:00","date_gmt":"2025-04-10T03:11:00","guid":{"rendered":"https:\/\/diariorepublica.com.ar\/web\/?p=23002"},"modified":"2025-04-10T08:12:43","modified_gmt":"2025-04-10T11:12:43","slug":"el-velez-de-guillermo-goleo-al-olimpia-de-palermo-por-la-copa-libertadores","status":"publish","type":"post","link":"https:\/\/diariorepublica.com.ar\/web\/index.php\/deportes\/2025\/04\/10\/el-velez-de-guillermo-goleo-al-olimpia-de-palermo-por-la-copa-libertadores\/","title":{"rendered":"El V\u00e9lez de Guillermo gole\u00f3 al Olimpia de Palermo por la Copa Libertadores"},"content":{"rendered":"<article id=\"article-post\" class=\"first\">\n<div class=\"cuerpo\" data-twitter-link=\"https:\/\/twitter.com\/intent\/tweet?url=https:\/\/www.diariopopular.com.ar\/c837412&amp;via=poopulardiario&amp;related=Popular&amp;text=\">\n<p><strong>El V\u00e9lez de Guillermo Barros Schelotto aplast\u00f3 por 4 a 0 a la Olimpia de Mart\u00edn Palermo de visitante por la segunda fecha del Grupo H del m\u00e1ximo certamen internacional de Am\u00e9rica.<\/strong>\u00a0Braian Romero -en dos ocasiones-, Maher Carrizo y Francisco Pizzini marcaron los goles del triunfazo del Fort\u00edn que lidera su grupo con puntaje perfecto, dado que tambi\u00e9n gan\u00f3 en su debut frente a Pe\u00f1arol: fue 2 a 1 en el Jos\u00e9 Amalfitani.<\/p>\n<\/div>\n<\/article>\n<article id=\"article-post\">\n<div class=\"cuerpo\" data-twitter-link=\"https:\/\/twitter.com\/intent\/tweet?url=https:\/\/www.diariopopular.com.ar\/c837412&amp;via=poopulardiario&amp;related=Popular&amp;text=\">\n<p><strong>El duelo entre Guillermo y Mart\u00edn, glorias del Boca de Bianchi, fue para el Mellizo porque V\u00e9lez supo sufrir y fue muy contundente.\u00a0<\/strong>Es que el Fort\u00edn logr\u00f3 aguantar los primeros minutos donde el local fue mejor y luego logr\u00f3 adelantarse en su primera ocasi\u00f3n de riesgo, con un inspirado\u00a0<strong>Braian Romero, quien logr\u00f3 hacerse gigante en el \u00e1rea rival para ganar de cabeza y romper la paridad a los 25 de la etapa inicial<\/strong>, pese a los mejores intentos del adversario en los pies de Dar\u00edo Benedetto e Iv\u00e1n Leguizam\u00f3n.<\/p>\n<p><strong>El delantero aument\u00f3 la ventaja a los tres minutos del complemento, al cambiar por gol el penal que gener\u00f3 con gran habilidad Maher Carrizo<\/strong>\u00a0en su ingreso al \u00e1rea a pura velocidad y ya con dos goles de diferencia se acrecent\u00f3\u00a0<strong>la desesperaci\u00f3n de un local<\/strong>\u00a0que ven\u00eda de perder en la primera jornada de competencia y tambi\u00e9n en el plano local,\u00a0<strong>algo que V\u00e9lez no desaprovech\u00f3 y logr\u00f3 transformar su victoria en goleada<\/strong>\u00a0gracias a la excelsa definici\u00f3n de Carrizo a los 11 minutos del complemento para el 3 a 0 parcial.<\/p>\n<div id=\"embed47_wrap\" class=\"embed_cont type_freetext\" contenteditable=\"false\">\n<div id=\"embed47_content\" class=\"embed_content\">\n<div id=\"embed47_embed\"><iframe loading=\"lazy\" title=\"YouTube video player\" src=\"https:\/\/www.youtube.com\/embed\/C4Fe99hy_QQ?si=PT8w6MD3rhbKmnTU\" width=\"560\" height=\"315\" frameborder=\"0\" allowfullscreen=\"allowfullscreen\" data-gtm-yt-inspected-14=\"true\" data-mce-fragment=\"1\"><\/iframe><\/div>\n<\/div>\n<div id=\"embed47_epigrafe\" class=\"embed_epigrafe\"><\/div>\n<div id=\"embed47_copyright\" class=\"embed_copyright\"><\/div>\n<\/div>\n<h2><\/h2>\n<p>El tenso clima en el Defensores del Chaco por la tercera derrota consecutiva en menos de 10 d\u00edas se traslad\u00f3 a los jugadores y\u00a0<strong>Dar\u00edo Benedetto al ser reemplazado efectu\u00f3 un pol\u00e9mico gesto contra la hinchada\u00a0<\/strong>que no pas\u00f3 desapercibido, solo cuatro d\u00edas despu\u00e9s de su ins\u00f3lita expulsi\u00f3n en lo que ser\u00eda derrota ante Guaran\u00ed.\u00a0<strong>V\u00e9lez no se conform\u00f3 y Pizzini logr\u00f3 el 4-0 definitivo ya en tiempo cumplido.<\/strong><\/p>\n<p><strong>V\u00e9lez recuper\u00f3 la memoria con la llegada de Barros Schelotto y con este triunfazo en Paraguay lidera en soledad el grupo H con seis unidades<\/strong>\u00a0tras dos encuentros mientras que\u00a0<strong>el Decano ocupa la \u00faltima posici\u00f3n sin puntos a su nombre\u00a0<\/strong>tras dos ca\u00eddas para iniciar su participaci\u00f3n.<\/p>\n<p>En la pr\u00f3xima fecha,\u00a0<strong>V\u00e9lez visitar\u00e1 a San Antonio Bulo Bulo (mi\u00e9rcoles 23\/04, a las 19)\u00a0<\/strong>en el estadio F\u00e9lix Capriles de Cochabamba (a 2582 metros sobre el nivel del mar) mientras que\u00a0<strong>Olimpia ir\u00e1 por la recuperaci\u00f3n cuando reciba a Pe\u00f1arol (mi\u00e9rcoles 23\/04, a las 19)<\/strong>\u00a0en el estadio Defensores del Chaco de Asunci\u00f3n.<\/p>\n<\/div>\n<\/article>\n","protected":false},"excerpt":{"rendered":"<p>El V\u00e9lez de Guillermo Barros Schelotto aplast\u00f3 por 4 a 0 a la Olimpia de Mart\u00edn Palermo de visitante por<\/p>\n","protected":false},"author":1,"featured_media":23003,"comment_status":"closed","ping_status":"closed","sticky":false,"template":"","format":"standard","meta":{"footnotes":"","jetpack_publicize_message":"","jetpack_publicize_feature_enabled":true,"jetpack_social_post_already_shared":true,"jetpack_social_options":{"image_generator_settings":{"template":"highway","enabled":false},"version":2}},"categories":[9],"tags":[],"class_list":["post-23002","post","type-post","status-publish","format-standard","has-post-thumbnail","hentry","category-deportes"],"jetpack_publicize_connections":[],"_links":{"self":[{"href":"https:\/\/diariorepublica.com.ar\/web\/index.php\/wp-json\/wp\/v2\/posts\/23002"}],"collection":[{"href":"https:\/\/diariorepublica.com.ar\/web\/index.php\/wp-json\/wp\/v2\/posts"}],"about":[{"href":"https:\/\/diariorepublica.com.ar\/web\/index.php\/wp-json\/wp\/v2\/types\/post"}],"author":[{"embeddable":true,"href":"https:\/\/diariorepublica.com.ar\/web\/index.php\/wp-json\/wp\/v2\/users\/1"}],"replies":[{"embeddable":true,"href":"https:\/\/diariorepublica.com.ar\/web\/index.php\/wp-json\/wp\/v2\/comments?post=23002"}],"version-history":[{"count":1,"href":"https:\/\/diariorepublica.com.ar\/web\/index.php\/wp-json\/wp\/v2\/posts\/23002\/revisions"}],"predecessor-version":[{"id":23004,"href":"https:\/\/diariorepublica.com.ar\/web\/index.php\/wp-json\/wp\/v2\/posts\/23002\/revisions\/23004"}],"wp:featuredmedia":[{"embeddable":true,"href":"https:\/\/diariorepublica.com.ar\/web\/index.php\/wp-json\/wp\/v2\/media\/23003"}],"wp:attachment":[{"href":"https:\/\/diariorepublica.com.ar\/web\/index.php\/wp-json\/wp\/v2\/media?parent=23002"}],"wp:term":[{"taxonomy":"category","embeddable":true,"href":"https:\/\/diariorepublica.com.ar\/web\/index.php\/wp-json\/wp\/v2\/categories?post=23002"},{"taxonomy":"post_tag","embeddable":true,"href":"https:\/\/diariorepublica.com.ar\/web\/index.php\/wp-json\/wp\/v2\/tags?post=23002"}],"curies":[{"name":"wp","href":"https:\/\/api.w.org\/{rel}","templated":true}]}}