{"id":23030,"date":"2025-04-11T07:29:10","date_gmt":"2025-04-11T10:29:10","guid":{"rendered":"https:\/\/diariorepublica.com.ar\/web\/?p=23030"},"modified":"2025-04-11T07:29:11","modified_gmt":"2025-04-11T10:29:11","slug":"abrieron-las-preinscripciones-para-el-plan-fines-2025","status":"publish","type":"post","link":"https:\/\/diariorepublica.com.ar\/web\/index.php\/sociedad\/2025\/04\/11\/abrieron-las-preinscripciones-para-el-plan-fines-2025\/","title":{"rendered":"Abrieron las preinscripciones para el Plan FinEs 2025"},"content":{"rendered":"<p>El Ministerio de Educaci\u00f3n de la provincia a trav\u00e9s de la Direcci\u00f3n de Programas Educativos, informa que se encuentra abierta hasta el lunes 21 de abril, la preinscripci\u00f3n para el Plan FinEs 2025 destinado a personas mayores de 18 a\u00f1os que no hayan iniciado o concluido los estudios de los niveles primario y\/o secundario.<\/p>\n<p>El FinEs 2025 permite cursar de manera semipresencial, el trayecto de primaria y\/o secundaria, o rendir las materias pendientes acompa\u00f1ado de docentes tutores. Cabe resaltar que, el t\u00edtulo es oficial, tiene validez nacional y es gratuito.<\/p>\n<p>El plan, cuenta con 3 l\u00edneas de acci\u00f3n:<\/p>\n<p><strong>FinEs Deudores:<\/strong>\u00a0Para quienes hayan terminado de cursar el \u00faltimo a\u00f1o de la escuela secundaria y adeudan materias.<\/p>\n<p><strong>FinEs Trayecto Primario:<\/strong>\u00a0ofrece cursar el trayecto de educaci\u00f3n primaria completo o los a\u00f1os que faltan.<\/p>\n<p><strong>FinEs Trayecto Secundaria:<\/strong>\u00a0ofrece cursar el trayecto de educaci\u00f3n secundaria completo o los a\u00f1os que faltan.<\/p>\n<p><strong>Requisitos:<\/strong><\/p>\n<p>*Fotocopia del DNI.<\/p>\n<p>*Partida de nacimiento.<\/p>\n<p>*Constancia de CUIL: Emitida por ANSES o descargada desde su sitio web.<\/p>\n<p>*Constancia de materias adeudadas: Proporcionada por la escuela de origen.<\/p>\n<p>*Formulario de preinscripci\u00f3n: Completado e impreso desde la plataforma oficial del programa.<\/p>\n<p>Es importante verificar si la sede seleccionada requiere alg\u00fan documento adicional.<\/p>\n<p><strong>\u00bfC\u00f3mo inscribirse?<\/strong><\/p>\n<p>1)\u00a0\u00a0\u00a0\u00a0\u00a0\u00a0Registrarse en el siguiente enlace FinEs (<a href=\"https:\/\/fines.educacion.gob.ar\/\" target=\"_blank\" rel=\"noopener\" data-saferedirecturl=\"https:\/\/www.google.com\/url?q=https:\/\/fines.educacion.gob.ar\/&amp;source=gmail&amp;ust=1744379300418000&amp;usg=AOvVaw2OOo3-KbLwVVVhsH7qubLA\">https:\/\/fines.educacion.gob.ar\/<\/a>)<\/p>\n<p>2)\u00a0\u00a0\u00a0\u00a0\u00a0\u00a0Seleccionar la jurisdicci\u00f3n donde desee estudiar.<\/p>\n<p>3)\u00a0\u00a0\u00a0\u00a0\u00a0\u00a0\u00a0Iniciar la preinscripci\u00f3n.<\/p>\n<p>4)\u00a0\u00a0\u00a0\u00a0\u00a0\u00a0\u00a0Completar el formulario de preinscripci\u00f3n con los siguientes datos:<\/p>\n<p>\u2013 Datos personales.<\/p>\n<p>\u2013 Datos de contacto.<\/p>\n<p>\u2013 L\u00ednea de acci\u00f3n: elegir la l\u00ednea de acci\u00f3n (Primario\/Secundario\/Deudores).<\/p>\n<p>\u2013 Elegir la escuela referente FinEs m\u00e1s cercana a tu domicilio.<\/p>\n<p>\u2013 Completar los datos de tus estudios cursados.<\/p>\n<p>5)\u00a0\u00a0\u00a0\u00a0\u00a0\u00a0\u00a0Confirmar datos y finalizar la preinscripci\u00f3n.<\/p>\n<p>6)\u00a0\u00a0\u00a0\u00a0\u00a0\u00a0\u00a0Una pantalla mostrar\u00e1 el n\u00famero de preinscripci\u00f3n y se podr\u00e1 descargar el formulario de preinscripci\u00f3n.<\/p>\n<p>Para confirmar inscripci\u00f3n: Escuela Activa (9 de Julio y Mate de Luna), de lunes a viernes, de 8 a 12 y de 14 a 20 horas. Por dudas o consultas:\u00a0<a href=\"mailto:fines@catamarca.edu.ar\" target=\"_blank\" rel=\"noopener\">fines@catamarca.edu.ar<\/a><\/p>\n<p>\u00bfQu\u00e9 es el Plan\u00a0FinEs?<\/p>\n<p>El Plan\u00a0FinEs\u00a0es una iniciativa educativa dirigida a aquellos que no han podido completar la educaci\u00f3n obligatoria y buscan una segunda oportunidad para obtener el t\u00edtulo secundario. Con opciones de cursada presencial o semipresencial y horarios flexibles, este programa facilita la compatibilizaci\u00f3n de los estudios con el trabajo y la vida familiar.<\/p>\n","protected":false},"excerpt":{"rendered":"<p>El Ministerio de Educaci\u00f3n de la provincia a trav\u00e9s de la Direcci\u00f3n de Programas Educativos, informa que se encuentra abierta<\/p>\n","protected":false},"author":1,"featured_media":23031,"comment_status":"closed","ping_status":"closed","sticky":false,"template":"","format":"standard","meta":{"footnotes":"","jetpack_publicize_message":"","jetpack_publicize_feature_enabled":true,"jetpack_social_post_already_shared":true,"jetpack_social_options":{"image_generator_settings":{"template":"highway","enabled":false},"version":2}},"categories":[3],"tags":[],"class_list":["post-23030","post","type-post","status-publish","format-standard","has-post-thumbnail","hentry","category-sociedad"],"jetpack_publicize_connections":[],"_links":{"self":[{"href":"https:\/\/diariorepublica.com.ar\/web\/index.php\/wp-json\/wp\/v2\/posts\/23030"}],"collection":[{"href":"https:\/\/diariorepublica.com.ar\/web\/index.php\/wp-json\/wp\/v2\/posts"}],"about":[{"href":"https:\/\/diariorepublica.com.ar\/web\/index.php\/wp-json\/wp\/v2\/types\/post"}],"author":[{"embeddable":true,"href":"https:\/\/diariorepublica.com.ar\/web\/index.php\/wp-json\/wp\/v2\/users\/1"}],"replies":[{"embeddable":true,"href":"https:\/\/diariorepublica.com.ar\/web\/index.php\/wp-json\/wp\/v2\/comments?post=23030"}],"version-history":[{"count":1,"href":"https:\/\/diariorepublica.com.ar\/web\/index.php\/wp-json\/wp\/v2\/posts\/23030\/revisions"}],"predecessor-version":[{"id":23032,"href":"https:\/\/diariorepublica.com.ar\/web\/index.php\/wp-json\/wp\/v2\/posts\/23030\/revisions\/23032"}],"wp:featuredmedia":[{"embeddable":true,"href":"https:\/\/diariorepublica.com.ar\/web\/index.php\/wp-json\/wp\/v2\/media\/23031"}],"wp:attachment":[{"href":"https:\/\/diariorepublica.com.ar\/web\/index.php\/wp-json\/wp\/v2\/media?parent=23030"}],"wp:term":[{"taxonomy":"category","embeddable":true,"href":"https:\/\/diariorepublica.com.ar\/web\/index.php\/wp-json\/wp\/v2\/categories?post=23030"},{"taxonomy":"post_tag","embeddable":true,"href":"https:\/\/diariorepublica.com.ar\/web\/index.php\/wp-json\/wp\/v2\/tags?post=23030"}],"curies":[{"name":"wp","href":"https:\/\/api.w.org\/{rel}","templated":true}]}}