{"id":23033,"date":"2025-04-11T07:47:28","date_gmt":"2025-04-11T10:47:28","guid":{"rendered":"https:\/\/diariorepublica.com.ar\/web\/?p=23033"},"modified":"2025-04-11T07:47:30","modified_gmt":"2025-04-11T10:47:30","slug":"funcionaria-de-donald-trump-afirmo-que-van-a-poner-a-eeuu-primero-no-a-la-carne-de-argentina","status":"publish","type":"post","link":"https:\/\/diariorepublica.com.ar\/web\/index.php\/internacionales\/2025\/04\/11\/funcionaria-de-donald-trump-afirmo-que-van-a-poner-a-eeuu-primero-no-a-la-carne-de-argentina\/","title":{"rendered":"Funcionaria de Donald Trump afirm\u00f3 que van a \u00abponer a EEUU primero, no a la carne de Argentina\u00bb"},"content":{"rendered":"<article class=\"article-body article-body--first-paragraph content-protected-false\" data-td-script-src=\"https:\/\/www.ambito.com\/td\/modulos\/encuestas\/js\/function-embeds-min-version-1743998841.js\">La secretaria de Agricultura norteamericana,\u00a0<strong>Brooke Rollins,<\/strong>\u00a0asegur\u00f3\u00a0en medio del revuelo generado por la suba de aranceles\u00a0decidida por\u00a0<strong>Donald Trump<\/strong>\u00a0que van a\u00a0<strong>\u00abponer a Estados Unidos primero, no a la carne de Argentina\u00bb.<\/strong><\/p>\n<\/article>\n<article class=\"article-body article-body--second-paragraph content-protected-false\">La funcionaria defendi\u00f3 al republicano al se\u00f1alar:\u00a0<strong>\u00abNo hay nadie que vaya a luchar con m\u00e1s ah\u00ednco, con m\u00e1s inteligencia o de forma m\u00e1s estrat\u00e9gica\u00bb.<\/strong><\/p>\n<article class=\"article-body article-body--third-paragraph content-protected-false\">\u00abReci\u00e9n escuchaba a un pescador y a un ganadero decir que\u00a0<strong>est\u00e1n con el presidente, que entienden su visi\u00f3n, que dicen que esto va a ser mejor para las familia<\/strong>s\u00bb, agreg\u00f3.<\/p>\n<\/article>\n<article class=\"article-body article-body--fourth-paragraph content-protected-false\">Rollins brind\u00f3 una entrevista con Fox News, en la que sostuvo:<strong>\u00a0\u00abPor todos los estadounidenses vamos a poner a Estados Unidos primero<\/strong>; no a China, ni a la India,\u00a0<strong>ni a la carne de Argentina<\/strong>, ni a los productos l\u00e1cteos de Canad\u00e1\u00bb.<\/p>\n<\/article>\n<article class=\"article-body article-body--remaining-paragraph content-protected-false\">El mensaje de la funcionaria se produjo<strong>\u00a0en pleno revuelo por los aranceles m\u00ednimos del 10%,<\/strong>\u00a0ahora suspendidos por 90 d\u00edas, y a pesar de la buena relaci\u00f3n entre Trump y el presidente\u00a0<strong>Javier Milei.<\/strong><\/p>\n<p>En ese sentido, Rollins explic\u00f3 que \u00ab<strong>esta visi\u00f3n de Trump de poner a los estadounidenses primero no es nueva<\/strong>. Con \u00e9l como presidente, m\u00e1s de 70 pa\u00edses nos est\u00e1n llamando para negociar.\u00a0<strong>Estamos en tiempos inciertos, pero la estrategia y el plan van hacia adelante\u00bb.<\/strong><\/p>\n<p>Por \u00faltimo, asever\u00f3 que\u00a0<strong>se aproxima una \u00abera dorada\u00bb\u00a0<\/strong>para el pa\u00eds norteamericano, en l\u00ednea con lo que sostiene Trump, y asegur\u00f3 que<strong>\u00a0los mercados se est\u00e1n \u00abajustando\u00bb.<\/strong><\/p>\n<p>ambito.com<\/p>\n<\/article>\n<\/article>\n","protected":false},"excerpt":{"rendered":"<p>La secretaria de Agricultura norteamericana,\u00a0Brooke Rollins,\u00a0asegur\u00f3\u00a0en medio del revuelo generado por la suba de aranceles\u00a0decidida por\u00a0Donald Trump\u00a0que van a\u00a0\u00abponer a<\/p>\n","protected":false},"author":1,"featured_media":23034,"comment_status":"closed","ping_status":"closed","sticky":false,"template":"","format":"standard","meta":{"footnotes":"","jetpack_publicize_message":"","jetpack_publicize_feature_enabled":true,"jetpack_social_post_already_shared":true,"jetpack_social_options":{"image_generator_settings":{"template":"highway","enabled":false},"version":2}},"categories":[6],"tags":[],"class_list":["post-23033","post","type-post","status-publish","format-standard","has-post-thumbnail","hentry","category-internacionales"],"jetpack_publicize_connections":[],"_links":{"self":[{"href":"https:\/\/diariorepublica.com.ar\/web\/index.php\/wp-json\/wp\/v2\/posts\/23033"}],"collection":[{"href":"https:\/\/diariorepublica.com.ar\/web\/index.php\/wp-json\/wp\/v2\/posts"}],"about":[{"href":"https:\/\/diariorepublica.com.ar\/web\/index.php\/wp-json\/wp\/v2\/types\/post"}],"author":[{"embeddable":true,"href":"https:\/\/diariorepublica.com.ar\/web\/index.php\/wp-json\/wp\/v2\/users\/1"}],"replies":[{"embeddable":true,"href":"https:\/\/diariorepublica.com.ar\/web\/index.php\/wp-json\/wp\/v2\/comments?post=23033"}],"version-history":[{"count":1,"href":"https:\/\/diariorepublica.com.ar\/web\/index.php\/wp-json\/wp\/v2\/posts\/23033\/revisions"}],"predecessor-version":[{"id":23035,"href":"https:\/\/diariorepublica.com.ar\/web\/index.php\/wp-json\/wp\/v2\/posts\/23033\/revisions\/23035"}],"wp:featuredmedia":[{"embeddable":true,"href":"https:\/\/diariorepublica.com.ar\/web\/index.php\/wp-json\/wp\/v2\/media\/23034"}],"wp:attachment":[{"href":"https:\/\/diariorepublica.com.ar\/web\/index.php\/wp-json\/wp\/v2\/media?parent=23033"}],"wp:term":[{"taxonomy":"category","embeddable":true,"href":"https:\/\/diariorepublica.com.ar\/web\/index.php\/wp-json\/wp\/v2\/categories?post=23033"},{"taxonomy":"post_tag","embeddable":true,"href":"https:\/\/diariorepublica.com.ar\/web\/index.php\/wp-json\/wp\/v2\/tags?post=23033"}],"curies":[{"name":"wp","href":"https:\/\/api.w.org\/{rel}","templated":true}]}}