{"id":2312,"date":"2023-05-03T07:49:21","date_gmt":"2023-05-03T10:49:21","guid":{"rendered":"https:\/\/diariorepublica.com.ar\/web\/?p=2312"},"modified":"2023-05-03T07:49:22","modified_gmt":"2023-05-03T10:49:22","slug":"hoy-se-celebra-el-dia-mundial-de-la-libertad-de-prensa","status":"publish","type":"post","link":"https:\/\/diariorepublica.com.ar\/web\/index.php\/sociedad\/2023\/05\/03\/hoy-se-celebra-el-dia-mundial-de-la-libertad-de-prensa\/","title":{"rendered":"\u00a0Hoy  se celebra el D\u00eda Mundial de la Libertad de Prensa"},"content":{"rendered":"<p>En el a\u00f1o 1993, fue proclamado por la Asamblea General de las Naciones Unidas,\u00a0\u00a0\u00abEl\u00a0D\u00eda Mundial de la Libertad de Prensa\u00bb<strong>.<\/strong><\/p>\n<p>En cumplimiento de una recomendaci\u00f3n aprobada en la 26 Reuni\u00f3n de la Conferencia General de la\u00a0<strong>UNESCO<\/strong>, del a\u00f1o 1991.<\/p>\n<p>Lo que se celebra son \u00a0los principios fundamentales de la\u00a0<strong>libertad de prensa a nivel mundial<\/strong>, se mejoran las t\u00e9cnicas de defensa de los medios de comunicaci\u00f3n de los ataques a su independencia, y se rinde homenaje a aquellos periodistas que perdieron sus vidas en el desempe\u00f1o de su profesi\u00f3n.<\/p>\n<p>La fecha recuerda la instauraci\u00f3n de la\u00a0<strong>Declaraci\u00f3n de Windhoek<\/strong>\u00a0sobre la libertad del ejercicio del periodismo:\u00a0<strong>\u201cFomentar la libertad de prensa en el mundo al reconocer que una prensa libre, pluralista e independiente es un componente esencial de toda sociedad democr\u00e1tica\u201d<\/strong>.<\/p>\n<p>La\u00a0<strong>UNESCO conmemora<\/strong>\u00a0esta fecha y rinde tributo a los numerosos periodistas de todo el mundo que ponen en peligro sus propias vidas en el esfuerzo de informar a sus sociedades y de promover el libre flujo de la informaci\u00f3n y \u00a0convoca\u00a0a los pa\u00edses miembros y a sus sociedades a reflexionar sobre la libertad de prensa y sobre los diversos aspectos que refieren a temas propios del\u00a0<strong>periodismo, la informaci\u00f3n y la comunicaci\u00f3n<\/strong>.<\/p>\n<p>La libertad de prensa y la libertad de expresi\u00f3n constituyen el n\u00facleo principal del mandato de la UNESCO, que entiende que estas libertades son las que permiten el entendimiento mutuo para poder construir una\u00a0<strong>paz sostenible<\/strong>. La actividad m\u00e1s significativa el D\u00eda Mundial de la Libertad de Prensa 2019 a la que convoca Naciones Unidas y UNESCO es a la ceremonia de entrega del\u00a0<strong>Premio Mundial de la Libertad de Prensa UNESCO \u2013 Guillermo Cano<\/strong>\u00a0y al acto acad\u00e9mico en el que participan destacados periodistas y especialistas internacionales.<\/p>\n<p>Estos actos son realizados en alg\u00fan pa\u00eds del mundo y son\u00a0<strong>convocados y organizados<\/strong>\u00a0por la\u00a0UNESCO\u00a0conjuntamente con el pa\u00eds anfitri\u00f3n.<\/p>\n","protected":false},"excerpt":{"rendered":"<p>En el a\u00f1o 1993, fue proclamado por la Asamblea General de las Naciones Unidas,\u00a0\u00a0\u00abEl\u00a0D\u00eda Mundial de la Libertad de Prensa\u00bb.<\/p>\n","protected":false},"author":1,"featured_media":2313,"comment_status":"closed","ping_status":"closed","sticky":false,"template":"","format":"standard","meta":{"footnotes":"","jetpack_publicize_message":"","jetpack_publicize_feature_enabled":true,"jetpack_social_post_already_shared":false,"jetpack_social_options":{"image_generator_settings":{"template":"highway","enabled":false},"version":2}},"categories":[3],"tags":[],"class_list":["post-2312","post","type-post","status-publish","format-standard","has-post-thumbnail","hentry","category-sociedad"],"jetpack_publicize_connections":[],"_links":{"self":[{"href":"https:\/\/diariorepublica.com.ar\/web\/index.php\/wp-json\/wp\/v2\/posts\/2312"}],"collection":[{"href":"https:\/\/diariorepublica.com.ar\/web\/index.php\/wp-json\/wp\/v2\/posts"}],"about":[{"href":"https:\/\/diariorepublica.com.ar\/web\/index.php\/wp-json\/wp\/v2\/types\/post"}],"author":[{"embeddable":true,"href":"https:\/\/diariorepublica.com.ar\/web\/index.php\/wp-json\/wp\/v2\/users\/1"}],"replies":[{"embeddable":true,"href":"https:\/\/diariorepublica.com.ar\/web\/index.php\/wp-json\/wp\/v2\/comments?post=2312"}],"version-history":[{"count":1,"href":"https:\/\/diariorepublica.com.ar\/web\/index.php\/wp-json\/wp\/v2\/posts\/2312\/revisions"}],"predecessor-version":[{"id":2314,"href":"https:\/\/diariorepublica.com.ar\/web\/index.php\/wp-json\/wp\/v2\/posts\/2312\/revisions\/2314"}],"wp:featuredmedia":[{"embeddable":true,"href":"https:\/\/diariorepublica.com.ar\/web\/index.php\/wp-json\/wp\/v2\/media\/2313"}],"wp:attachment":[{"href":"https:\/\/diariorepublica.com.ar\/web\/index.php\/wp-json\/wp\/v2\/media?parent=2312"}],"wp:term":[{"taxonomy":"category","embeddable":true,"href":"https:\/\/diariorepublica.com.ar\/web\/index.php\/wp-json\/wp\/v2\/categories?post=2312"},{"taxonomy":"post_tag","embeddable":true,"href":"https:\/\/diariorepublica.com.ar\/web\/index.php\/wp-json\/wp\/v2\/tags?post=2312"}],"curies":[{"name":"wp","href":"https:\/\/api.w.org\/{rel}","templated":true}]}}