{"id":2315,"date":"2023-05-03T07:50:39","date_gmt":"2023-05-03T10:50:39","guid":{"rendered":"https:\/\/diariorepublica.com.ar\/web\/?p=2315"},"modified":"2023-05-03T07:50:40","modified_gmt":"2023-05-03T10:50:40","slug":"operaron-a-mirtha-legrand-como-fue-la-intervencion-y-que-dice-el-parte-medico","status":"publish","type":"post","link":"https:\/\/diariorepublica.com.ar\/web\/index.php\/espectaculos\/2023\/05\/03\/operaron-a-mirtha-legrand-como-fue-la-intervencion-y-que-dice-el-parte-medico\/","title":{"rendered":"Operaron a Mirtha Legrand:\u00a0c\u00f3mo fue la intervenci\u00f3n y qu\u00e9 dice el parte m\u00e9dico"},"content":{"rendered":"<p>Mirtha Legrand\u00a0fue\u00a0<strong>operada con \u00e9xito<\/strong>\u00a0este martes en el Sanatorio Mater Dei para la colocaci\u00f3n de un marcapasos de \u00faltima generaci\u00f3n. Luego de la intervenci\u00f3n, que se llev\u00f3 a cabo por la tarde, la cl\u00ednica emiti\u00f3 un comunicado para informar acerca del estado de la salud de la conductora.<\/p>\n<p>El parte m\u00e9dico fue publicado cerca de las 20, y reza: \u00abLes informamos que hace unos instantes finaliz\u00f3 el procedimiento realizado a la Sra. Mirtha Legrand, <strong>tal como estaba previsto<\/strong>\u00ab.<\/p>\n<p>Y agrega que \u00abla paciente se encuentra en su habitaci\u00f3n\u00a0<strong>acompa\u00f1ada de su familia<\/strong>, para completar su recuperaci\u00f3n. La familia agradece las muestras de afecto y respeto recibidas durante las \u00faltimas horas\u00bb.<\/p>\n<p><img decoding=\"async\" title=\"El parte m\u00e9dico de Mirtha Legrand. Foto: captura.\" src=\"https:\/\/www.canal26.com\/media\/image\/2023\/05\/02\/541239.jpg\" alt=\"El parte m\u00e9dico de Mirtha Legrand. Foto: captura.\" \/><strong><em>El parte m\u00e9dico de Mirtha Legrand. Foto: captura.<\/em><\/strong><\/p>\n<p>Ahora, se espera que el pr\u00f3ximo parte m\u00e9dico se emita en\u00a0<strong>el mediod\u00eda del mi\u00e9rcoles<\/strong>, tal como se anunci\u00f3 en el comunicado. Se encuentran acompa\u00f1ando a la conductora de 96 a\u00f1os son\u00a0su hija, Marcela Tinayre, y su nieto, Ignacio \u00abNacho\u00bb\u00a0Viale.<\/p>\n<h2>La \u00faltima aparici\u00f3n de Mirtha\u00a0antes de la operaci\u00f3n<\/h2>\n<p>Durante el fin de semana,\u00a0la diva\u00a0<a class=\"article_interlink\" href=\"https:\/\/www.canal26.com\/espectaculos\/a-pocas-horas-de-su-operacion-mirtha-legrand-se-sincero-no-me-duele-nada--341326\" target=\"_blank\" rel=\"noopener\">concurri\u00f3 al teatro<\/a>\u00a0a ver\u00a0<em>Toc Toc<\/em>, en el Multiteatro. En ese lugar, se cruz\u00f3 con cronistas de distintos medios que\u00a0le preguntaron c\u00f3mo se estaba preparando para su operaci\u00f3n.<\/p>\n<p>\u00ab<strong>Muy bien<\/strong>, con buen humor, no me duele nada, perfecta\u00bb, dijo Mirtha Legrand. Sobre la decisi\u00f3n de operarse, la conductora coment\u00f3 que fueron sus m\u00e9dicos quienes se lo recomendaron, y que se someter\u00eda a la cirug\u00eda \u00abpara seguridad\u00bb.<\/p>\n","protected":false},"excerpt":{"rendered":"<p>Mirtha Legrand\u00a0fue\u00a0operada con \u00e9xito\u00a0este martes en el Sanatorio Mater Dei para la colocaci\u00f3n de un marcapasos de \u00faltima generaci\u00f3n. Luego<\/p>\n","protected":false},"author":1,"featured_media":2316,"comment_status":"closed","ping_status":"closed","sticky":false,"template":"","format":"standard","meta":{"footnotes":"","jetpack_publicize_message":"","jetpack_publicize_feature_enabled":true,"jetpack_social_post_already_shared":false,"jetpack_social_options":{"image_generator_settings":{"template":"highway","enabled":false},"version":2}},"categories":[7],"tags":[],"class_list":["post-2315","post","type-post","status-publish","format-standard","has-post-thumbnail","hentry","category-espectaculos"],"jetpack_publicize_connections":[],"_links":{"self":[{"href":"https:\/\/diariorepublica.com.ar\/web\/index.php\/wp-json\/wp\/v2\/posts\/2315"}],"collection":[{"href":"https:\/\/diariorepublica.com.ar\/web\/index.php\/wp-json\/wp\/v2\/posts"}],"about":[{"href":"https:\/\/diariorepublica.com.ar\/web\/index.php\/wp-json\/wp\/v2\/types\/post"}],"author":[{"embeddable":true,"href":"https:\/\/diariorepublica.com.ar\/web\/index.php\/wp-json\/wp\/v2\/users\/1"}],"replies":[{"embeddable":true,"href":"https:\/\/diariorepublica.com.ar\/web\/index.php\/wp-json\/wp\/v2\/comments?post=2315"}],"version-history":[{"count":1,"href":"https:\/\/diariorepublica.com.ar\/web\/index.php\/wp-json\/wp\/v2\/posts\/2315\/revisions"}],"predecessor-version":[{"id":2317,"href":"https:\/\/diariorepublica.com.ar\/web\/index.php\/wp-json\/wp\/v2\/posts\/2315\/revisions\/2317"}],"wp:featuredmedia":[{"embeddable":true,"href":"https:\/\/diariorepublica.com.ar\/web\/index.php\/wp-json\/wp\/v2\/media\/2316"}],"wp:attachment":[{"href":"https:\/\/diariorepublica.com.ar\/web\/index.php\/wp-json\/wp\/v2\/media?parent=2315"}],"wp:term":[{"taxonomy":"category","embeddable":true,"href":"https:\/\/diariorepublica.com.ar\/web\/index.php\/wp-json\/wp\/v2\/categories?post=2315"},{"taxonomy":"post_tag","embeddable":true,"href":"https:\/\/diariorepublica.com.ar\/web\/index.php\/wp-json\/wp\/v2\/tags?post=2315"}],"curies":[{"name":"wp","href":"https:\/\/api.w.org\/{rel}","templated":true}]}}