{"id":23188,"date":"2025-04-22T05:38:00","date_gmt":"2025-04-22T08:38:00","guid":{"rendered":"https:\/\/diariorepublica.com.ar\/web\/?p=23188"},"modified":"2025-04-22T07:42:37","modified_gmt":"2025-04-22T10:42:37","slug":"rigen-nuevos-valores-tarifarios-de-la-energia-electrica","status":"publish","type":"post","link":"https:\/\/diariorepublica.com.ar\/web\/index.php\/sociedad\/2025\/04\/22\/rigen-nuevos-valores-tarifarios-de-la-energia-electrica\/","title":{"rendered":"RIGEN NUEVOS VALORES TARIFARIOS DE LA ENERG\u00cdA EL\u00c9CTRICA"},"content":{"rendered":"<p>Ente Regulador de Servicios P\u00fablicos de Catamarca informa que con fecha 14 de abril emiti\u00f3 la resoluci\u00f3n N\u00b037\/25 a trav\u00e9s de la cual se aprueba el pedido de actualizaci\u00f3n del Valor Agregado de Distribuci\u00f3n (VAD) solicitado por la empresa EC SAPEM y que fuera analizado en la Audiencia P\u00fablica llevada a cabo el pasado 8 de este mes.<\/p>\n<div>De acuerdo a lo aprobado, el impacto de esta actualizaci\u00f3n ser\u00e1 de entre 5% y 10% dependiendo de la categor\u00eda de usuario (N1, N2, N3) y del nivel de consumo de cada hogar y\/o empresa.\u00a0 Es importante mencionar que estos valores se ver\u00e1n reflejados en las facturas que lleguen a fines del mes de junio con los consumos de abril y mayo.<\/p>\n<\/div>\n<div>Atendiendo esto, y la pol\u00edtica nacional de eliminaci\u00f3n progresiva de los subsidios, el Ente Regulador reitera la sugerencia de realizar un uso racional y eficiente de la energ\u00eda el\u00e9ctrica, lo que por un lado ayudar\u00e1 a cuidar el medio ambiente y por el otro evitar\u00e1 la llegada de facturas con montos elevados que afectar\u00e1n el presupuesto familiar.<\/p>\n<p>Consejos para ser usuarios eficientes<\/p>\n<p>\u2022 Programar el aire acondicionado si o si en 24\u00b0 en verano y entre 20\u00b0 y 22\u00b0 en invierno con modo calor. Recordar que bajar la temperatura implica un mayor consumo.<br \/>\n\u2022 No abrir innecesariamente la heladera y revisar peri\u00f3dicamente los burletes.<br \/>\n\u2022 No instalar el termotanque al aire libre. Si lo hace dentro de la vivienda, que sea con todas las protecciones.<br \/>\n\u2022 Colocar l\u00e1mparas led en toda la vivienda.<br \/>\n\u2022 Comprar electrodom\u00e9sticos eficientes de bajo consumo.<br \/>\n\u2022 Aprovechar al m\u00e1ximo la luz natural.<\/p><\/div>\n","protected":false},"excerpt":{"rendered":"<p>Ente Regulador de Servicios P\u00fablicos de Catamarca informa que con fecha 14 de abril emiti\u00f3 la resoluci\u00f3n N\u00b037\/25 a trav\u00e9s<\/p>\n","protected":false},"author":1,"featured_media":23189,"comment_status":"closed","ping_status":"closed","sticky":false,"template":"","format":"standard","meta":{"footnotes":"","jetpack_publicize_message":"","jetpack_publicize_feature_enabled":true,"jetpack_social_post_already_shared":true,"jetpack_social_options":{"image_generator_settings":{"template":"highway","enabled":false},"version":2}},"categories":[3],"tags":[],"class_list":["post-23188","post","type-post","status-publish","format-standard","has-post-thumbnail","hentry","category-sociedad"],"jetpack_publicize_connections":[],"_links":{"self":[{"href":"https:\/\/diariorepublica.com.ar\/web\/index.php\/wp-json\/wp\/v2\/posts\/23188"}],"collection":[{"href":"https:\/\/diariorepublica.com.ar\/web\/index.php\/wp-json\/wp\/v2\/posts"}],"about":[{"href":"https:\/\/diariorepublica.com.ar\/web\/index.php\/wp-json\/wp\/v2\/types\/post"}],"author":[{"embeddable":true,"href":"https:\/\/diariorepublica.com.ar\/web\/index.php\/wp-json\/wp\/v2\/users\/1"}],"replies":[{"embeddable":true,"href":"https:\/\/diariorepublica.com.ar\/web\/index.php\/wp-json\/wp\/v2\/comments?post=23188"}],"version-history":[{"count":1,"href":"https:\/\/diariorepublica.com.ar\/web\/index.php\/wp-json\/wp\/v2\/posts\/23188\/revisions"}],"predecessor-version":[{"id":23190,"href":"https:\/\/diariorepublica.com.ar\/web\/index.php\/wp-json\/wp\/v2\/posts\/23188\/revisions\/23190"}],"wp:featuredmedia":[{"embeddable":true,"href":"https:\/\/diariorepublica.com.ar\/web\/index.php\/wp-json\/wp\/v2\/media\/23189"}],"wp:attachment":[{"href":"https:\/\/diariorepublica.com.ar\/web\/index.php\/wp-json\/wp\/v2\/media?parent=23188"}],"wp:term":[{"taxonomy":"category","embeddable":true,"href":"https:\/\/diariorepublica.com.ar\/web\/index.php\/wp-json\/wp\/v2\/categories?post=23188"},{"taxonomy":"post_tag","embeddable":true,"href":"https:\/\/diariorepublica.com.ar\/web\/index.php\/wp-json\/wp\/v2\/tags?post=23188"}],"curies":[{"name":"wp","href":"https:\/\/api.w.org\/{rel}","templated":true}]}}