{"id":23209,"date":"2025-06-05T11:58:00","date_gmt":"2025-06-05T14:58:00","guid":{"rendered":"https:\/\/diariorepublica.com.ar\/web\/?p=23209"},"modified":"2025-06-05T08:14:07","modified_gmt":"2025-06-05T11:14:07","slug":"llega-a-catamarca-la-selectiva-de-danzas-y-acrobacia-de-flavio-mendoza","status":"publish","type":"post","link":"https:\/\/diariorepublica.com.ar\/web\/index.php\/sociedad\/2025\/06\/05\/llega-a-catamarca-la-selectiva-de-danzas-y-acrobacia-de-flavio-mendoza\/","title":{"rendered":"LLEGA A CATAMARCA LA SELECTIVA DE DANZAS Y ACROBACIA DE FLAVIO MENDOZA"},"content":{"rendered":"<p>Desembarca por primera vez en la provincia la Competencia de Danza y Acrobacia de Flavio Mendoza y Samara Producciones donde se convoca a escuelas de danzas, solistas independientes, bailarines de todas la disciplinas y acr\u00f3batas de tela, aro o trapecio.<\/p>\n<p>La Selectiva\u00a0 se realizar\u00e1 el 7 de junio\u00a0 donde un jurado, integrado por artistas de renombre de la danza y acrobacia, evaluar\u00e1n los participantes a trav\u00e9s de niveles, clasificando as\u00ed a la final sudamericana que se realizar\u00e1 en el mes de diciembre con importantes premios en efectivos y salida laboral.<\/p>\n<p>Esta competencia se realiza desde hace 8 a\u00f1os en todo el pa\u00eds y desde al a\u00f1o pasado a nivel sudamericano.<\/p>\n<p>Para Informes y consultas pod\u00e9s comunicarte con Erica Ana- Representante Oficial al 236-5010973<\/p>\n\n\n<figure class=\"wp-block-video aligncenter\" style=\"padding-top:var(--wp--preset--spacing--80);padding-right:var(--wp--preset--spacing--80);padding-bottom:var(--wp--preset--spacing--80);padding-left:var(--wp--preset--spacing--80)\"><video controls preload=\"auto\" src=\"https:\/\/diariorepublica.com.ar\/web\/wp-content\/uploads\/2025\/04\/WhatsApp-Video-2025-04-21-at-21.03.44.mp4\"><\/video><\/figure>\n\n\n\n<p><\/p>\n","protected":false},"excerpt":{"rendered":"<p>Desembarca por primera vez en la provincia la Competencia de Danza y Acrobacia de Flavio Mendoza y Samara Producciones donde<\/p>\n","protected":false},"author":1,"featured_media":24110,"comment_status":"closed","ping_status":"closed","sticky":false,"template":"","format":"standard","meta":{"footnotes":"","jetpack_publicize_message":"","jetpack_publicize_feature_enabled":true,"jetpack_social_post_already_shared":true,"jetpack_social_options":{"image_generator_settings":{"template":"highway","enabled":false},"version":2}},"categories":[7,3],"tags":[],"class_list":["post-23209","post","type-post","status-publish","format-standard","has-post-thumbnail","hentry","category-espectaculos","category-sociedad"],"jetpack_publicize_connections":[],"_links":{"self":[{"href":"https:\/\/diariorepublica.com.ar\/web\/index.php\/wp-json\/wp\/v2\/posts\/23209"}],"collection":[{"href":"https:\/\/diariorepublica.com.ar\/web\/index.php\/wp-json\/wp\/v2\/posts"}],"about":[{"href":"https:\/\/diariorepublica.com.ar\/web\/index.php\/wp-json\/wp\/v2\/types\/post"}],"author":[{"embeddable":true,"href":"https:\/\/diariorepublica.com.ar\/web\/index.php\/wp-json\/wp\/v2\/users\/1"}],"replies":[{"embeddable":true,"href":"https:\/\/diariorepublica.com.ar\/web\/index.php\/wp-json\/wp\/v2\/comments?post=23209"}],"version-history":[{"count":3,"href":"https:\/\/diariorepublica.com.ar\/web\/index.php\/wp-json\/wp\/v2\/posts\/23209\/revisions"}],"predecessor-version":[{"id":24111,"href":"https:\/\/diariorepublica.com.ar\/web\/index.php\/wp-json\/wp\/v2\/posts\/23209\/revisions\/24111"}],"wp:featuredmedia":[{"embeddable":true,"href":"https:\/\/diariorepublica.com.ar\/web\/index.php\/wp-json\/wp\/v2\/media\/24110"}],"wp:attachment":[{"href":"https:\/\/diariorepublica.com.ar\/web\/index.php\/wp-json\/wp\/v2\/media?parent=23209"}],"wp:term":[{"taxonomy":"category","embeddable":true,"href":"https:\/\/diariorepublica.com.ar\/web\/index.php\/wp-json\/wp\/v2\/categories?post=23209"},{"taxonomy":"post_tag","embeddable":true,"href":"https:\/\/diariorepublica.com.ar\/web\/index.php\/wp-json\/wp\/v2\/tags?post=23209"}],"curies":[{"name":"wp","href":"https:\/\/api.w.org\/{rel}","templated":true}]}}