{"id":23217,"date":"2025-04-23T00:40:00","date_gmt":"2025-04-23T03:40:00","guid":{"rendered":"https:\/\/diariorepublica.com.ar\/web\/?p=23217"},"modified":"2025-04-23T07:46:21","modified_gmt":"2025-04-23T10:46:21","slug":"jalil-anuncio-el-regreso-de-one-shot","status":"publish","type":"post","link":"https:\/\/diariorepublica.com.ar\/web\/index.php\/politica\/2025\/04\/23\/jalil-anuncio-el-regreso-de-one-shot\/","title":{"rendered":"Jalil anunci\u00f3 el regreso de One Shot"},"content":{"rendered":"<p><strong>Jalil, confirm\u00f3 que el programa de descuentos y promociones conocido como \u00abOne Shot\u00bb regresar\u00e1 el mes pr\u00f3ximo<\/strong>, aunque con ajustes en su implementaci\u00f3n. El mandatario asegur\u00f3 que la iniciativa ser\u00e1 revisada tras detectarse irregularidades en su uso anterior.<\/p>\n<p>\u00abHubo una distorsi\u00f3n en el uso de la promoci\u00f3n, eso lo hemos discutido y ustedes lo saben. Se realizaron denuncias e incluso se detectaron casos en los que se cambiaron productos por efectivo\u00bb, explic\u00f3 Jalil durante un contacto con la prensa.<\/p>\n<p>Para avanzar con el relanzamiento, el Gobierno convoc\u00f3 a una<strong>\u00a0reuni\u00f3n que se realizar\u00e1 hoy con representantes del Ministerio de Econom\u00eda, el Banco Naci\u00f3n y comerciantes locales<\/strong>. El objetivo es analizar qu\u00e9 aspectos del programa pueden mantenerse y cu\u00e1les deber\u00e1n ser reformulados.<\/p>\n<p>\u00abVa a volver el mes que viene, pero tenemos que ajustar algunas cosas. Vamos a ver qu\u00e9 puede regresar y qu\u00e9 no\u00bb, concluy\u00f3 el mandatario.<\/p>\n<p>Jalil fue contudente a la hora de responder las cr\u00edticas de la oposici\u00f3n a la condici\u00f3n econ\u00f3mica de la provincia y por ello apunt\u00f3:\u00a0<strong>\u00abSi hay alguien que ha sido irresponsable en el manejo de las finanzas p\u00fablicas ha sido el gobierno anterior a Luc\u00eda Corpacci\u00bb<\/strong>. Remarcando, en el contacto con la prensa, que \u00abnosotros tuvimos que pagar la deuda que ellos tomaron\u00bb.<\/p>\n<p>\u00abLuc\u00eda aument\u00f3 el ingreso de las regal\u00edas mineras. Hemos aumentado prudentemente, tanto el empleo p\u00fablico como el privado. Nuestro gobierno y el de Luc\u00eda han sido prudentes y austeros\u00bb, dijo Jalil manteniendo la defensa a lo hecho durante la gesti\u00f3n de la exgobernadora y actual senadora nacional.<\/p>\n<p>En cuanto a la situaci\u00f3n nacional, el Gobernador opt\u00f3 por marcar la importancia de la implementaci\u00f3n del\u00a0<strong>RIGI\u00a0<\/strong>y mencion\u00f3 en este sentido que \u00abel jueves me junto con el CEO de Glencor\u00bb para tratar sobre nuevas inversiones mineras en Catamarca, de las cuales, \u00abestamos teniendo inversiones de miles de millones de d\u00f3lares\u00bb.<\/p>\n","protected":false},"excerpt":{"rendered":"<p>Jalil, confirm\u00f3 que el programa de descuentos y promociones conocido como \u00abOne Shot\u00bb regresar\u00e1 el mes pr\u00f3ximo, aunque con ajustes<\/p>\n","protected":false},"author":1,"featured_media":21724,"comment_status":"closed","ping_status":"closed","sticky":false,"template":"","format":"standard","meta":{"footnotes":"","jetpack_publicize_message":"","jetpack_publicize_feature_enabled":true,"jetpack_social_post_already_shared":true,"jetpack_social_options":{"image_generator_settings":{"template":"highway","enabled":false},"version":2}},"categories":[12],"tags":[],"class_list":["post-23217","post","type-post","status-publish","format-standard","has-post-thumbnail","hentry","category-politica"],"jetpack_publicize_connections":[],"_links":{"self":[{"href":"https:\/\/diariorepublica.com.ar\/web\/index.php\/wp-json\/wp\/v2\/posts\/23217"}],"collection":[{"href":"https:\/\/diariorepublica.com.ar\/web\/index.php\/wp-json\/wp\/v2\/posts"}],"about":[{"href":"https:\/\/diariorepublica.com.ar\/web\/index.php\/wp-json\/wp\/v2\/types\/post"}],"author":[{"embeddable":true,"href":"https:\/\/diariorepublica.com.ar\/web\/index.php\/wp-json\/wp\/v2\/users\/1"}],"replies":[{"embeddable":true,"href":"https:\/\/diariorepublica.com.ar\/web\/index.php\/wp-json\/wp\/v2\/comments?post=23217"}],"version-history":[{"count":1,"href":"https:\/\/diariorepublica.com.ar\/web\/index.php\/wp-json\/wp\/v2\/posts\/23217\/revisions"}],"predecessor-version":[{"id":23218,"href":"https:\/\/diariorepublica.com.ar\/web\/index.php\/wp-json\/wp\/v2\/posts\/23217\/revisions\/23218"}],"wp:featuredmedia":[{"embeddable":true,"href":"https:\/\/diariorepublica.com.ar\/web\/index.php\/wp-json\/wp\/v2\/media\/21724"}],"wp:attachment":[{"href":"https:\/\/diariorepublica.com.ar\/web\/index.php\/wp-json\/wp\/v2\/media?parent=23217"}],"wp:term":[{"taxonomy":"category","embeddable":true,"href":"https:\/\/diariorepublica.com.ar\/web\/index.php\/wp-json\/wp\/v2\/categories?post=23217"},{"taxonomy":"post_tag","embeddable":true,"href":"https:\/\/diariorepublica.com.ar\/web\/index.php\/wp-json\/wp\/v2\/tags?post=23217"}],"curies":[{"name":"wp","href":"https:\/\/api.w.org\/{rel}","templated":true}]}}