{"id":23219,"date":"2025-04-23T00:46:00","date_gmt":"2025-04-23T03:46:00","guid":{"rendered":"https:\/\/diariorepublica.com.ar\/web\/?p=23219"},"modified":"2025-04-23T07:49:23","modified_gmt":"2025-04-23T10:49:23","slug":"funeral-del-papa-francisco-javier-milei-partira-el-jueves-con-una-reducida-comitiva","status":"publish","type":"post","link":"https:\/\/diariorepublica.com.ar\/web\/index.php\/nacionales\/2025\/04\/23\/funeral-del-papa-francisco-javier-milei-partira-el-jueves-con-una-reducida-comitiva\/","title":{"rendered":"Funeral del papa Francisco: Javier Milei partir\u00e1 el jueves con una reducida comitiva"},"content":{"rendered":"<p>El presidente Javier Milei partir\u00e1 este jueves a las 22 rumbo a Roma, para participar del funeral del papa Francisco, quien falleci\u00f3 el lunes a los 88 a\u00f1os. El primer mandatario viajar\u00e1 con una reducida comitiva compuesta por la secretaria de Presidencia Karina Milei; el vocero Manuel Adorni; la titular de Capital Humano Sandra Pettovello; la ministra de Seguridad, Patricia Bullrich; el canciller Gerardo Werthein y el jefe de ministros, Guillermo Francos.<\/p>\n<p>En tanto, el Secretario de Culto y Civilizaci\u00f3n, Nahuel Sotelo, partir\u00e1 este martes hacia el Vaticano, y esperar\u00e1 all\u00ed a la delegaci\u00f3n oficial.<\/p>\n","protected":false},"excerpt":{"rendered":"<p>El presidente Javier Milei partir\u00e1 este jueves a las 22 rumbo a Roma, para participar del funeral del papa Francisco,<\/p>\n","protected":false},"author":1,"featured_media":23220,"comment_status":"closed","ping_status":"closed","sticky":false,"template":"","format":"standard","meta":{"footnotes":"","jetpack_publicize_message":"","jetpack_publicize_feature_enabled":true,"jetpack_social_post_already_shared":true,"jetpack_social_options":{"image_generator_settings":{"template":"highway","enabled":false},"version":2}},"categories":[4],"tags":[],"class_list":["post-23219","post","type-post","status-publish","format-standard","has-post-thumbnail","hentry","category-nacionales"],"jetpack_publicize_connections":[],"_links":{"self":[{"href":"https:\/\/diariorepublica.com.ar\/web\/index.php\/wp-json\/wp\/v2\/posts\/23219"}],"collection":[{"href":"https:\/\/diariorepublica.com.ar\/web\/index.php\/wp-json\/wp\/v2\/posts"}],"about":[{"href":"https:\/\/diariorepublica.com.ar\/web\/index.php\/wp-json\/wp\/v2\/types\/post"}],"author":[{"embeddable":true,"href":"https:\/\/diariorepublica.com.ar\/web\/index.php\/wp-json\/wp\/v2\/users\/1"}],"replies":[{"embeddable":true,"href":"https:\/\/diariorepublica.com.ar\/web\/index.php\/wp-json\/wp\/v2\/comments?post=23219"}],"version-history":[{"count":1,"href":"https:\/\/diariorepublica.com.ar\/web\/index.php\/wp-json\/wp\/v2\/posts\/23219\/revisions"}],"predecessor-version":[{"id":23221,"href":"https:\/\/diariorepublica.com.ar\/web\/index.php\/wp-json\/wp\/v2\/posts\/23219\/revisions\/23221"}],"wp:featuredmedia":[{"embeddable":true,"href":"https:\/\/diariorepublica.com.ar\/web\/index.php\/wp-json\/wp\/v2\/media\/23220"}],"wp:attachment":[{"href":"https:\/\/diariorepublica.com.ar\/web\/index.php\/wp-json\/wp\/v2\/media?parent=23219"}],"wp:term":[{"taxonomy":"category","embeddable":true,"href":"https:\/\/diariorepublica.com.ar\/web\/index.php\/wp-json\/wp\/v2\/categories?post=23219"},{"taxonomy":"post_tag","embeddable":true,"href":"https:\/\/diariorepublica.com.ar\/web\/index.php\/wp-json\/wp\/v2\/tags?post=23219"}],"curies":[{"name":"wp","href":"https:\/\/api.w.org\/{rel}","templated":true}]}}