{"id":23222,"date":"2025-04-23T06:49:00","date_gmt":"2025-04-23T09:49:00","guid":{"rendered":"https:\/\/diariorepublica.com.ar\/web\/?p=23222"},"modified":"2025-04-23T07:51:06","modified_gmt":"2025-04-23T10:51:06","slug":"polemica-en-el-conclave-un-cardenal-asegura-que-participara-del-proceso-pese-a-la-prohibicion-de-francisco","status":"publish","type":"post","link":"https:\/\/diariorepublica.com.ar\/web\/index.php\/internacionales\/2025\/04\/23\/polemica-en-el-conclave-un-cardenal-asegura-que-participara-del-proceso-pese-a-la-prohibicion-de-francisco\/","title":{"rendered":"Pol\u00e9mica en el c\u00f3nclave: un cardenal asegura que participar\u00e1 del proceso pese a la prohibici\u00f3n de Francisco"},"content":{"rendered":"<p>Tras la muerte del papa Francisco, las miradas ya est\u00e1n puestas en el c\u00f3nclave para definir qui\u00e9n ser\u00e1 su sucesor. Sin embargo, antes de su comienzo, el proceso ya presenta una pol\u00e9mica: el cardenal Angelo Becciu quien hab\u00eda sido despojado del cargo de prefecto de la Congregaci\u00f3n para las Causas de los Santos y de los \u201cderechos ligados al cardenalato\u201d ahora asegura que participar\u00e1 de la votaci\u00f3n para designar al pr\u00f3ximo papa.<\/p>\n<p>Si bien conserv\u00f3 el t\u00edtulo de cardenal, tras la audiencia que se llev\u00f3 a cabo en septiembre de 2020 ces\u00f3 en todo cargo en la Curia romana y perdi\u00f3 el derecho a participar del c\u00f3nclave.<\/p>\n<article class=\"article-body article-body--third-paragraph content-protected-false\"><strong>Becciu<\/strong>\u00a0fue condenado en\u00a0<strong>diciembre de 2023 a 5 a\u00f1os y 6 meses de prisi\u00f3n<\/strong>\u00a0por un tribunal penal del Vaticano por delitos vinculados a\u00a0<strong>irregularidades financieras<\/strong>, entre ellos\u00a0<strong>abuso de poder y malversaci\u00f3n de fondos.<\/strong><\/p>\n<\/article>\n<article class=\"article-body article-body--fourth-paragraph content-protected-false\">Pese a la condena en su contra, el cardenal fue invitado a las Congregaciones Generales pre-c\u00f3nclave junto al resto de sus pares y\u00a0<strong>declar\u00f3 su intenci\u00f3n de participar del proceso de elecci\u00f3n del pr\u00f3ximo papa.<\/strong><\/p>\n<\/article>\n<article class=\"article-body article-body--remaining-paragraph content-protected-false\">\u201cRefiri\u00e9ndose al \u00faltimo consistorio, el Papa\u00a0<strong>reconoci\u00f3 intactas mis prerrogativas cardenalicias<\/strong>, ya que no hubo voluntad expl\u00edcita de excluirme del c\u00f3nclave\u00a0<strong>ni solicitud de mi renuncia expl\u00edcita por escrito<\/strong>\u201d, argument\u00f3 el cardenal Becciu en la Unione Sarda. Adem\u00e1s, enfatiz\u00f3 su inocencia y asegur\u00f3 haber sido \u00ab<strong>indultado<\/strong>\u00bb por Francisco.<\/p>\n<p>Su participaci\u00f3n ser\u00e1 definida por la congregaci\u00f3n general de los cardenales, cuya primera reuni\u00f3n se llev\u00f3 a cabo esta ma\u00f1ana.<\/p>\n<p>Entre los favoritos para suceder a Francisco, a pesar de las reticencias personales, sigue estando el secretario de Estado de Bergoglio,\u00a0<strong>Pietro Parolin<\/strong>, capaz de mediar y de tranquilizar tanto a los \u201cprogresistas\u201d en la continuidad con Francisco, como a los \u201cconservadores\u201d.<\/p>\n<p>El\u00a0<strong>Cardenal<\/strong>\u00a0fue condenado por la justicia del\u00a0<strong>Vaticano<\/strong>\u00a0tras quedar involucrado en una investigaci\u00f3n sobre la gesti\u00f3n de fondos de la Secretar\u00eda de Estado, que giraba en torno a la venta de un\u00a0<strong>edifico de lujo en Londres por m\u00e1s de 200 millones de d\u00f3lares<\/strong>. Adem\u00e1s, durante la investigaci\u00f3n salieron a la luz otras transferencias irregulares, como una donaci\u00f3n de 125.000 euros a una asociaci\u00f3n vinculada a\u00a0<strong>C\u00e1ritas en Ozieri, Cerde\u00f1a, cuyo presidente era uno de los hermanos del cardenal.<\/strong><\/p>\n<p>En diciembre de 2023, el Tribunal consider\u00f3 probado el delito de\u00a0<strong>malversaci\u00f3n por el uso il\u00edcito de la suma de 200.500.000 d\u00f3lares<\/strong>, \u00abque asciende aproximadamente a un<strong>\u00a0tercio de los activos en el momento de la Secretar\u00eda de Estado<\/strong>, porque en violaci\u00f3n de las disposiciones sobre la administraci\u00f3n de los bienes eclesi\u00e1sticos\u00bb.<\/p>\n<p>Esta suma hab\u00eda sido pagada\u00a0<strong>entre 2013 y 2014<\/strong>, a instancias del entonces Monse\u00f1or Sustituto Giovanni Angelo Becciu, por la suscripci\u00f3n de acciones de\u00a0<strong>Athena Capital Commodities<\/strong>, un fondo de cobertura con caracter\u00edsticas altamente especulativas y que supon\u00eda un\u00a0<strong>alto riesgo para el inversor en el capital sin posibilidad de controlar la gesti\u00f3n<\/strong>. Por ello, el Tribunal declar\u00f3 culpables del delito de malversaci\u00f3n al cardenal Becciu y a Raffaele Mincione, que hab\u00edan estado en contacto directo con la\u00a0<strong>Secretar\u00eda de Estado<\/strong>\u00a0para obtener el pago del dinero \u00abincluso sin que se hubieran cumplido las condiciones, as\u00ed como, en connivencia con ellos, a\u00a0<strong>Fabrizio Tirabassi, empleado de la Oficina de Administraci\u00f3n, y a Enrico Craso\u00bb.<\/strong><\/p>\n<\/article>\n","protected":false},"excerpt":{"rendered":"<p>Tras la muerte del papa Francisco, las miradas ya est\u00e1n puestas en el c\u00f3nclave para definir qui\u00e9n ser\u00e1 su sucesor.<\/p>\n","protected":false},"author":1,"featured_media":23223,"comment_status":"closed","ping_status":"closed","sticky":false,"template":"","format":"standard","meta":{"footnotes":"","jetpack_publicize_message":"","jetpack_publicize_feature_enabled":true,"jetpack_social_post_already_shared":true,"jetpack_social_options":{"image_generator_settings":{"template":"highway","enabled":false},"version":2}},"categories":[6],"tags":[],"class_list":["post-23222","post","type-post","status-publish","format-standard","has-post-thumbnail","hentry","category-internacionales"],"jetpack_publicize_connections":[],"_links":{"self":[{"href":"https:\/\/diariorepublica.com.ar\/web\/index.php\/wp-json\/wp\/v2\/posts\/23222"}],"collection":[{"href":"https:\/\/diariorepublica.com.ar\/web\/index.php\/wp-json\/wp\/v2\/posts"}],"about":[{"href":"https:\/\/diariorepublica.com.ar\/web\/index.php\/wp-json\/wp\/v2\/types\/post"}],"author":[{"embeddable":true,"href":"https:\/\/diariorepublica.com.ar\/web\/index.php\/wp-json\/wp\/v2\/users\/1"}],"replies":[{"embeddable":true,"href":"https:\/\/diariorepublica.com.ar\/web\/index.php\/wp-json\/wp\/v2\/comments?post=23222"}],"version-history":[{"count":1,"href":"https:\/\/diariorepublica.com.ar\/web\/index.php\/wp-json\/wp\/v2\/posts\/23222\/revisions"}],"predecessor-version":[{"id":23224,"href":"https:\/\/diariorepublica.com.ar\/web\/index.php\/wp-json\/wp\/v2\/posts\/23222\/revisions\/23224"}],"wp:featuredmedia":[{"embeddable":true,"href":"https:\/\/diariorepublica.com.ar\/web\/index.php\/wp-json\/wp\/v2\/media\/23223"}],"wp:attachment":[{"href":"https:\/\/diariorepublica.com.ar\/web\/index.php\/wp-json\/wp\/v2\/media?parent=23222"}],"wp:term":[{"taxonomy":"category","embeddable":true,"href":"https:\/\/diariorepublica.com.ar\/web\/index.php\/wp-json\/wp\/v2\/categories?post=23222"},{"taxonomy":"post_tag","embeddable":true,"href":"https:\/\/diariorepublica.com.ar\/web\/index.php\/wp-json\/wp\/v2\/tags?post=23222"}],"curies":[{"name":"wp","href":"https:\/\/api.w.org\/{rel}","templated":true}]}}