{"id":23225,"date":"2025-04-23T07:00:00","date_gmt":"2025-04-23T10:00:00","guid":{"rendered":"https:\/\/diariorepublica.com.ar\/web\/?p=23225"},"modified":"2025-04-23T08:01:55","modified_gmt":"2025-04-23T11:01:55","slug":"el-cuerpo-del-papa-francisco-permanecera-en-la-basilica-de-san-pedro-durante-tres-dias-antes-del-funeral","status":"publish","type":"post","link":"https:\/\/diariorepublica.com.ar\/web\/index.php\/internacionales\/2025\/04\/23\/el-cuerpo-del-papa-francisco-permanecera-en-la-basilica-de-san-pedro-durante-tres-dias-antes-del-funeral\/","title":{"rendered":"Vivo: El cuerpo del papa Francisco permanecer\u00e1 en la bas\u00edlica de San Pedro durante tres d\u00edas antes del funeral"},"content":{"rendered":"<p>El cuerpo del\u00a0<strong>papa Francisco<\/strong>\u00a0fue trasladado este mi\u00e9rcoles\u00a0desde la capilla de la residencia Casa Santa Marta\u00a0a la bas\u00edlica de San Pedro durante una procesi\u00f3n que fue seguida por un servicio dirigido por el\u00a0<strong>camarlengo Kevin Joseph Farrell<\/strong>, el cardenal encargado de hacer los arreglos para el funeral y para el c\u00f3nclave en las pr\u00f3ximas semanas.<\/p>\n<figure class=\"multimedia\" data-type=\"photo\" data-tadevel-template=\"web\/multimedia\">\n<div class=\"content\">\n<div class=\"sizer\" data-sizer=\"aspect-ratio\" data-tadevel-template=\"web\/aspect-ratio\">\n<p>La procesi\u00f3n recorri\u00f3 la plaza de Santa Marta y la plaza de los Protomartiri Romani, pasando por el Arco de las Campanas y adentr\u00e1ndose en la plaza de San Pedro, antes de entrar en la bas\u00edlica por la puerta central.<\/p>\n<p><strong>El ata\u00fad del Sumo Pont\u00edfice fue colocado en el altar de la confesi\u00f3n, un espacio sagrado frente al altar mayor, sobre la tumba de San Pedro, el primer pont\u00edfice<\/strong>. Los cardenales presentes en la bas\u00edlica se acercaron al f\u00e9retro en parejas para presentar sus respetos.<\/p>\n<p>\u00a0<\/p>\n<p>Miles de personas esperan fuera de la bas\u00edlica en la plaza de San Pedro, antes de la apertura oficial. A partir de las 11:00 (hora en la Ciudad del Vaticano) el p\u00fablico podr\u00e1 visitar el cuerpo de Francisco.<\/p>\n<p>Como parte del esfuerzo de Francisco por simplificar los ritos funerarios papales, su cuerpo yace en un\u00a0<strong>ata\u00fad de madera abierto, habiendo eliminado la tradici\u00f3n de tener tres ata\u00fades de cipr\u00e9s, plomo y roble.<\/strong><\/p>\n<p>NA<\/p>\n<\/div>\n<\/div>\n<\/figure>\n\n\n<figure class=\"wp-block-embed is-type-video is-provider-youtube wp-block-embed-youtube wp-embed-aspect-4-3 wp-has-aspect-ratio\"><div class=\"wp-block-embed__wrapper\">\n<iframe loading=\"lazy\" title=\"Vatican Media Live - Espa\u00f1ol\" width=\"800\" height=\"600\" src=\"https:\/\/www.youtube.com\/embed\/VgyeonlpkO8?feature=oembed\" frameborder=\"0\" allow=\"accelerometer; autoplay; clipboard-write; encrypted-media; gyroscope; picture-in-picture; web-share\" referrerpolicy=\"strict-origin-when-cross-origin\" allowfullscreen><\/iframe>\n<\/div><\/figure>\n","protected":false},"excerpt":{"rendered":"<p>El cuerpo del\u00a0papa Francisco\u00a0fue trasladado este mi\u00e9rcoles\u00a0desde la capilla de la residencia Casa Santa Marta\u00a0a la bas\u00edlica de San Pedro<\/p>\n","protected":false},"author":1,"featured_media":23226,"comment_status":"closed","ping_status":"closed","sticky":false,"template":"","format":"standard","meta":{"footnotes":"","jetpack_publicize_message":"","jetpack_publicize_feature_enabled":true,"jetpack_social_post_already_shared":true,"jetpack_social_options":{"image_generator_settings":{"template":"highway","enabled":false},"version":2}},"categories":[6],"tags":[],"class_list":["post-23225","post","type-post","status-publish","format-standard","has-post-thumbnail","hentry","category-internacionales"],"jetpack_publicize_connections":[],"_links":{"self":[{"href":"https:\/\/diariorepublica.com.ar\/web\/index.php\/wp-json\/wp\/v2\/posts\/23225"}],"collection":[{"href":"https:\/\/diariorepublica.com.ar\/web\/index.php\/wp-json\/wp\/v2\/posts"}],"about":[{"href":"https:\/\/diariorepublica.com.ar\/web\/index.php\/wp-json\/wp\/v2\/types\/post"}],"author":[{"embeddable":true,"href":"https:\/\/diariorepublica.com.ar\/web\/index.php\/wp-json\/wp\/v2\/users\/1"}],"replies":[{"embeddable":true,"href":"https:\/\/diariorepublica.com.ar\/web\/index.php\/wp-json\/wp\/v2\/comments?post=23225"}],"version-history":[{"count":2,"href":"https:\/\/diariorepublica.com.ar\/web\/index.php\/wp-json\/wp\/v2\/posts\/23225\/revisions"}],"predecessor-version":[{"id":23235,"href":"https:\/\/diariorepublica.com.ar\/web\/index.php\/wp-json\/wp\/v2\/posts\/23225\/revisions\/23235"}],"wp:featuredmedia":[{"embeddable":true,"href":"https:\/\/diariorepublica.com.ar\/web\/index.php\/wp-json\/wp\/v2\/media\/23226"}],"wp:attachment":[{"href":"https:\/\/diariorepublica.com.ar\/web\/index.php\/wp-json\/wp\/v2\/media?parent=23225"}],"wp:term":[{"taxonomy":"category","embeddable":true,"href":"https:\/\/diariorepublica.com.ar\/web\/index.php\/wp-json\/wp\/v2\/categories?post=23225"},{"taxonomy":"post_tag","embeddable":true,"href":"https:\/\/diariorepublica.com.ar\/web\/index.php\/wp-json\/wp\/v2\/tags?post=23225"}],"curies":[{"name":"wp","href":"https:\/\/api.w.org\/{rel}","templated":true}]}}