{"id":23228,"date":"2025-04-23T00:03:00","date_gmt":"2025-04-23T03:03:00","guid":{"rendered":"https:\/\/diariorepublica.com.ar\/web\/?p=23228"},"modified":"2025-04-23T07:58:10","modified_gmt":"2025-04-23T10:58:10","slug":"asi-fue-ceremonia-en-la-plaza-de-san-pedro-en-memoria-de-francisco","status":"publish","type":"post","link":"https:\/\/diariorepublica.com.ar\/web\/index.php\/internacionales\/2025\/04\/23\/asi-fue-ceremonia-en-la-plaza-de-san-pedro-en-memoria-de-francisco\/","title":{"rendered":"As\u00ed fue ceremonia en la Plaza de San Pedro en memoria de Francisco"},"content":{"rendered":"<article id=\"article-post\" class=\"first\">\n<div class=\"cuerpo\" data-twitter-link=\"https:\/\/twitter.com\/intent\/tweet?url=https:\/\/www.diariopopular.com.ar\/c839163&amp;via=poopulardiario&amp;related=Popular&amp;text=\">\n<p>Miles de fieles participaron en un masivo rezo del\u00a0<strong>Rosario<\/strong>\u00a0en la\u00a0<strong>Plaza de San Pedro del Vaticano\u00a0<\/strong>en memoria del\u00a0<strong>papa Francisco,<\/strong>\u00a0fallecido este lunes a los 88 a\u00f1os. La ceremonia religiosa fue organizada por la\u00a0<strong>Santa Sede\u00a0<\/strong>y estuvo encabezado por representantes del\u00a0<strong>Colegio Cardenalicio.<\/strong><\/p>\n<\/div>\n<\/article>\n<article id=\"article-post\">\n<div class=\"cuerpo\" data-twitter-link=\"https:\/\/twitter.com\/intent\/tweet?url=https:\/\/www.diariopopular.com.ar\/c839163&amp;via=poopulardiario&amp;related=Popular&amp;text=\">\n<p>En las \u00faltimas horas, el espacio ubicado frente a la Bas\u00edlica de San Pedro se llen\u00f3 de an\u00e9cdotas e historias tristes mezcladas con recuerdos alegres de tantos fieles llegados de todo el mundo para honrar al religioso argentino.<\/p>\n<p>Seg\u00fan los medios internacionales, el Vaticano comenz\u00f3 a plagarse de fieles llegados de distintas partes del mundo que llegaron para participar de la despedida del Sumo Pont\u00edfice.<\/p>\n<div id=\"embed41_wrap\" class=\"embed_cont type_freetext\" contenteditable=\"false\">\n<div id=\"embed41_content\" class=\"embed_content\">\n<div id=\"embed41_embed\"><iframe loading=\"lazy\" title=\"YouTube video player\" src=\"https:\/\/www.youtube.com\/embed\/WtHsY1tY54U?si=26_765PRJZd2EngT\" width=\"560\" height=\"315\" frameborder=\"0\" allowfullscreen=\"allowfullscreen\" data-gtm-yt-inspected-15=\"true\" data-mce-fragment=\"1\"><\/iframe><\/div>\n<\/div>\n<div id=\"embed41_epigrafe\" class=\"embed_epigrafe\"><\/div>\n<div id=\"embed41_copyright\" class=\"embed_copyright\"><\/div>\n<\/div>\n<p>Las exequias p\u00fablicas del papa Francisco comenzar\u00e1n este mi\u00e9rcoles, con el traslado del f\u00e9retro a la Bas\u00edlica de San Pedro para recibir el homenaje de los fieles, que tendr\u00e1n tres d\u00edas para despedirse del Sumo pont\u00edfice, hasta el s\u00e1bado, cuando se celebrar\u00e1n su funeral y su sepelio.<\/p>\n<p>El ata\u00fad con el cuerpo de Francisco, fallecido este lunes a los 88 a\u00f1os debido a un ictus tras meses sufriendo graves problemas respiratorios, est\u00e1 siendo velado en estas horas en su residencia de la Casa Santa Marta por expreso deseo del Papa, quien hab\u00eda implementado algunos cambios en las reglas para simplificar los funerales de los pont\u00edfices.<\/p>\n<p>A partir de ma\u00f1ana, los fieles, de los que tanto le gustaba rodearse a Francisco para sentir su cercan\u00eda y cari\u00f1o, podr\u00e1n acudir a la bas\u00edlica para darle un \u00faltimo adi\u00f3s durante tres intensas jornadas en las que el templo estar\u00e1 abierto mi\u00e9rcoles y jueves hasta la medianoche.<\/p>\n<p>Este mi\u00e9rcoles a las 9.00, hora local (10.00 GMT), y tras un momento de oraci\u00f3n, presidido por el carmarlengo, el cardenal\u00a0<strong>Kevin Joseph Farrell,\u00a0<\/strong>comenzar\u00e1 \u00abla traslaci\u00f3n\u00bb del cuerpo, seg\u00fan decidieron los 60 cardenales participantes este martes en la primera congregaci\u00f3n general o reuni\u00f3n preparatoria para el c\u00f3nclave.<\/p>\n<p>La procesi\u00f3n pasar\u00e1 por la plaza Santa Marta y la plaza de los Protom\u00e1rtires Romanos y desde el Arco de las Campanas saldr\u00e1 a la plaza de San Pedro y entrar\u00e1 en la Bas\u00edlica Vaticana por la puerta central.<\/p>\n<p>Despu\u00e9s en el Altar de la Confesi\u00f3n, bajo el baldaquino, el cardenal camarlengo presidir\u00e1 la Liturgia de la Palabra, al final de la cual comenzar\u00e1 la visita de los fieles. Los funerales ser\u00e1n el s\u00e1bado 26 de abril a las 10.00, hora local (8.00 GMT), en la plaza de San Pedro, mientras que ma\u00f1ana, mi\u00e9rcoles, el f\u00e9retro ser\u00e1 trasladado a la bas\u00edlica vaticana para recibir el homenaje de los fieles.<\/p>\n<p>La ceremonia, a la que est\u00e1 previsto que lleguen Jefes de Estado de todo el mundo, comenzar\u00e1n a las 10.00 hora local (8.00 GMT) y estar\u00e1 oficiada por el decano del colegio cardenalicio, Giovanni Battista Re. Despu\u00e9s, el f\u00e9retro ser\u00e1 trasladado a la bas\u00edlica de Santa Mar\u00eda la Mayor para ser enterrado, seg\u00fan dej\u00f3 escrito el pont\u00edfice argentino en su testamento.<\/p>\n<p>Seg\u00fan la fecha elegida para el funeral y las normas que rigen el proceso, el c\u00f3nclave debe celebrarse entre el 5 y el 15 de mayo, pues no deben pasar m\u00e1s de 20 d\u00edas y tampoco se puede convocar durante los 9 d\u00edas sucesivos a las exequias, los llamados Novediales, en los que se celebran misas de sufragio por el difunto pont\u00edfice.<\/p>\n<p>A pesar de haber sido elegidos en su mayor\u00eda por el papa Francisco, fallecido este lunes a los 88 a\u00f1os, los 135 cardenales de 71 pa\u00edses que formar\u00e1n el c\u00f3nclave que elegir\u00e1 a su sucesor son un grupo heterog\u00e9neo que no se conoce y sin una idea com\u00fan sobre el futuro de la Iglesia, lo que har\u00e1 que se presenten en la Capilla Sixtina fuertemente divididos.<\/p>\n<\/div>\n<\/article>\n","protected":false},"excerpt":{"rendered":"<p>Miles de fieles participaron en un masivo rezo del\u00a0Rosario\u00a0en la\u00a0Plaza de San Pedro del Vaticano\u00a0en memoria del\u00a0papa Francisco,\u00a0fallecido este lunes<\/p>\n","protected":false},"author":1,"featured_media":23201,"comment_status":"closed","ping_status":"closed","sticky":false,"template":"","format":"standard","meta":{"footnotes":"","jetpack_publicize_message":"","jetpack_publicize_feature_enabled":true,"jetpack_social_post_already_shared":true,"jetpack_social_options":{"image_generator_settings":{"template":"highway","enabled":false},"version":2}},"categories":[6],"tags":[],"class_list":["post-23228","post","type-post","status-publish","format-standard","has-post-thumbnail","hentry","category-internacionales"],"jetpack_publicize_connections":[],"_links":{"self":[{"href":"https:\/\/diariorepublica.com.ar\/web\/index.php\/wp-json\/wp\/v2\/posts\/23228"}],"collection":[{"href":"https:\/\/diariorepublica.com.ar\/web\/index.php\/wp-json\/wp\/v2\/posts"}],"about":[{"href":"https:\/\/diariorepublica.com.ar\/web\/index.php\/wp-json\/wp\/v2\/types\/post"}],"author":[{"embeddable":true,"href":"https:\/\/diariorepublica.com.ar\/web\/index.php\/wp-json\/wp\/v2\/users\/1"}],"replies":[{"embeddable":true,"href":"https:\/\/diariorepublica.com.ar\/web\/index.php\/wp-json\/wp\/v2\/comments?post=23228"}],"version-history":[{"count":1,"href":"https:\/\/diariorepublica.com.ar\/web\/index.php\/wp-json\/wp\/v2\/posts\/23228\/revisions"}],"predecessor-version":[{"id":23230,"href":"https:\/\/diariorepublica.com.ar\/web\/index.php\/wp-json\/wp\/v2\/posts\/23228\/revisions\/23230"}],"wp:featuredmedia":[{"embeddable":true,"href":"https:\/\/diariorepublica.com.ar\/web\/index.php\/wp-json\/wp\/v2\/media\/23201"}],"wp:attachment":[{"href":"https:\/\/diariorepublica.com.ar\/web\/index.php\/wp-json\/wp\/v2\/media?parent=23228"}],"wp:term":[{"taxonomy":"category","embeddable":true,"href":"https:\/\/diariorepublica.com.ar\/web\/index.php\/wp-json\/wp\/v2\/categories?post=23228"},{"taxonomy":"post_tag","embeddable":true,"href":"https:\/\/diariorepublica.com.ar\/web\/index.php\/wp-json\/wp\/v2\/tags?post=23228"}],"curies":[{"name":"wp","href":"https:\/\/api.w.org\/{rel}","templated":true}]}}