{"id":23236,"date":"2025-04-23T01:03:00","date_gmt":"2025-04-23T04:03:00","guid":{"rendered":"https:\/\/diariorepublica.com.ar\/web\/?p=23236"},"modified":"2025-04-23T08:04:18","modified_gmt":"2025-04-23T11:04:18","slug":"senado-sesionara-el-jueves-en-homenaje-al-papa-francisco-y-se-dilata-ficha-limpia","status":"publish","type":"post","link":"https:\/\/diariorepublica.com.ar\/web\/index.php\/politica\/2025\/04\/23\/senado-sesionara-el-jueves-en-homenaje-al-papa-francisco-y-se-dilata-ficha-limpia\/","title":{"rendered":"Senado sesionar\u00e1 el jueves en homenaje al papa Francisco y se dilata Ficha Limpia"},"content":{"rendered":"<p>El Senado sesionar\u00e1 el pr\u00f3ximo jueves a las 10, a fin de homenajear al papa Francisco, y -al igual que Diputados- postergar\u00e1 todo su calendario de actividades legislativas de la semana. De esta manera, se dilata nuevamente el debate del proyecto de Ficha Limpia.<\/p>\n<p>Esta semana surgieron dudas sobre si habr\u00eda o no actividad en el Senado, luego del fallecimiento del sumo pont\u00edfice. Esta tarde esos interrogantes se definieron: la titular de la C\u00e1mara alta, Victoria Villarruel, adhiri\u00f3 al duelo de siete d\u00edas decretado por el Poder Ejecutivo.<\/p>\n<p>La definici\u00f3n posterg\u00f3 el tratamiento de Ficha Limpia, que qued\u00f3 fechada para el mi\u00e9rcoles 7 de mayo a las 14 horas. La iniciativa, que se votar\u00e1 el pr\u00f3ximo mi\u00e9rcoles a las 11, ya tuvo una s\u00f3lida aprobaci\u00f3n en Diputados y con la media sanci\u00f3n en el Senado se convertir\u00eda en ley, lo que restringir\u00eda el acceso a cargos del Poder Ejecutivo y a la participaci\u00f3n a elecciones a aquellos ciudadanos que tengan condenas contra la administraci\u00f3n p\u00fablica confirmadas en segunda instancia. En los \u00faltimos d\u00edas, el apoyo de senadores santacruce\u00f1os podr\u00eda encaminar la aprobaci\u00f3n del proyecto.<\/p>\n<p>Adem\u00e1s se prorrogaron la definici\u00f3n de autoridades de comisiones claves para la oposici\u00f3n, as\u00ed como el encuentro de la Comisi\u00f3n Bicameral Permanente de Tr\u00e1mite Legislativo, que se encarga de la evaluaci\u00f3n de los decretos de necesidad y urgencia presidenciales.<\/p>\n","protected":false},"excerpt":{"rendered":"<p>El Senado sesionar\u00e1 el pr\u00f3ximo jueves a las 10, a fin de homenajear al papa Francisco, y -al igual que<\/p>\n","protected":false},"author":1,"featured_media":23237,"comment_status":"closed","ping_status":"closed","sticky":false,"template":"","format":"standard","meta":{"footnotes":"","jetpack_publicize_message":"","jetpack_publicize_feature_enabled":true,"jetpack_social_post_already_shared":true,"jetpack_social_options":{"image_generator_settings":{"template":"highway","enabled":false},"version":2}},"categories":[12],"tags":[],"class_list":["post-23236","post","type-post","status-publish","format-standard","has-post-thumbnail","hentry","category-politica"],"jetpack_publicize_connections":[],"_links":{"self":[{"href":"https:\/\/diariorepublica.com.ar\/web\/index.php\/wp-json\/wp\/v2\/posts\/23236"}],"collection":[{"href":"https:\/\/diariorepublica.com.ar\/web\/index.php\/wp-json\/wp\/v2\/posts"}],"about":[{"href":"https:\/\/diariorepublica.com.ar\/web\/index.php\/wp-json\/wp\/v2\/types\/post"}],"author":[{"embeddable":true,"href":"https:\/\/diariorepublica.com.ar\/web\/index.php\/wp-json\/wp\/v2\/users\/1"}],"replies":[{"embeddable":true,"href":"https:\/\/diariorepublica.com.ar\/web\/index.php\/wp-json\/wp\/v2\/comments?post=23236"}],"version-history":[{"count":1,"href":"https:\/\/diariorepublica.com.ar\/web\/index.php\/wp-json\/wp\/v2\/posts\/23236\/revisions"}],"predecessor-version":[{"id":23238,"href":"https:\/\/diariorepublica.com.ar\/web\/index.php\/wp-json\/wp\/v2\/posts\/23236\/revisions\/23238"}],"wp:featuredmedia":[{"embeddable":true,"href":"https:\/\/diariorepublica.com.ar\/web\/index.php\/wp-json\/wp\/v2\/media\/23237"}],"wp:attachment":[{"href":"https:\/\/diariorepublica.com.ar\/web\/index.php\/wp-json\/wp\/v2\/media?parent=23236"}],"wp:term":[{"taxonomy":"category","embeddable":true,"href":"https:\/\/diariorepublica.com.ar\/web\/index.php\/wp-json\/wp\/v2\/categories?post=23236"},{"taxonomy":"post_tag","embeddable":true,"href":"https:\/\/diariorepublica.com.ar\/web\/index.php\/wp-json\/wp\/v2\/tags?post=23236"}],"curies":[{"name":"wp","href":"https:\/\/api.w.org\/{rel}","templated":true}]}}