{"id":23242,"date":"2025-04-23T01:52:00","date_gmt":"2025-04-23T04:52:00","guid":{"rendered":"https:\/\/diariorepublica.com.ar\/web\/?p=23242"},"modified":"2025-04-23T08:55:25","modified_gmt":"2025-04-23T11:55:25","slug":"la-defensa-de-moretti-tras-el-escandalo-en-san-lorenzo-me-hicieron-una-cama","status":"publish","type":"post","link":"https:\/\/diariorepublica.com.ar\/web\/index.php\/deportes\/2025\/04\/23\/la-defensa-de-moretti-tras-el-escandalo-en-san-lorenzo-me-hicieron-una-cama\/","title":{"rendered":"La defensa de Moretti tras el esc\u00e1ndalo en San Lorenzo: \u201cMe hicieron una cama\u201d"},"content":{"rendered":"<p>Las im\u00e1genes parec\u00edan contundentes. En una c\u00e1mara oculta que difundi\u00f3 Canal 9, el presidente de San Lorenzo, Marcelo Moretti, aparec\u00eda recibiendo fajos de d\u00f3lares, que guardaba en el bolsillo de su saco. Seg\u00fan se anunci\u00f3 el dirigente recibi\u00f3 US$ 25.000 Marcelo como pago, a cambio de que un joven futbolista fuera fichada por el Cicl\u00f3n.<\/p>\n<p>En la noche del martes, Moretti rompi\u00f3 el silencio y sali\u00f3 a defenderse. \u201cMe hicieron una cama. Ya desde el a\u00f1o pasado me est\u00e1n extorsionando. Esto es una operaci\u00f3n medi\u00e1tica\u201d, expres\u00f3 el presidente del Cicl\u00f3n en declaraciones a TyC Sports. E inculp\u00f3 a los exdirigentes Marcelo Tinelli y Mat\u00edas Lammens. \u201cEllos est\u00e1n detr\u00e1s de todo esto. Est\u00e1n tratando de manchar mi imagen y mi nombre\u201d.<\/p>\n<p>\u201cNo cont\u00e9 el dinero porque actu\u00e9 de buena fe. Nunca recib\u00ed una coima, no soy as\u00ed. El video est\u00e1 editado porque es una cama. Hay una mala leche para hacerle da\u00f1o a Moretti. Quieren que le vaya mal a San Lorenzo\u201d, declar\u00f3 Moretti sobre el momento en el que embolsaba un enorme fajo de d\u00f3lares. \u201cApenas se fue esta gente lo llev\u00e9 a la tesorer\u00eda. La plata que recib\u00ed est\u00e1 ingresada en la tesorer\u00eda. Est\u00e1 todo anotado en los registros del club\u201d, insisti\u00f3.<\/p>\n<p>\u201cNo pienso en renunciar a mi cargo, no hice nada malo ni le debo explicaciones a nadie. San Lorenzo est\u00e1 bien. Habl\u00e9 con todos. Obvio que habl\u00e9 con Chiqui Tapia y dijo que me apoyaba\u201d, remarc\u00f3 el directivo, que declar\u00f3: \u201cHace much\u00edsimos a\u00f1os que pongo dinero en el club, mucho m\u00e1s que ese dinero. De hecho, tengo pr\u00e9stamos hechos a San Lorenzo desde hace muchos a\u00f1os que nunca los cobr\u00e9. Ayer puse 10 mil d\u00f3lares de mi bolsillo\u201d.<\/p>\n<p>La difusi\u00f3n de las im\u00e1genes dio lugar a cr\u00edticas encendidas en las redes sociales, y provoc\u00f3 que todo el arco opositor del club se manifestara en contra de Moretti. Pero el dirigente remarc\u00f3 que se presentar\u00e1 antela Justicia: \u201cEsto lo voy a presentar ma\u00f1ana, voy a estar haciendo una auto denuncia. Por tr\u00e1fico de influencia, por administraci\u00f3n infiel. Me voy a presentar a Derecho para dar nombres y contar todo c\u00f3mo es, porque obviamente no tengo ning\u00fan tipo de vinculaci\u00f3n ni culpa en este caso. Jam\u00e1s me manchar\u00eda por el club, para m\u00ed es mi vida. Est\u00e1 en juego el nombre de mi familia\u201d.<\/p>\n<p class=\"com-paragraph   --s\">Moretti explic\u00f3 a TyC Sports sobre la reuni\u00f3n que \u201ca Mar\u00eda Jos\u00e9 Scotini, que es due\u00f1a del diario\u00a0<em>Hoy<\/em>\u00a0de La Plata y de radio\u00a0<em>Uno<\/em>, entre otros medios m\u00e1s, me la traen para hacer un convenio digital con San Lorenzo, que no lo ten\u00edamos muy bien hecho. Antes de que venga, me cuentan que el hijo jugaba en San Lorenzo y hab\u00eda jugado en Lan\u00fas. El convenio digital no tiene que ver con la donaci\u00f3n. Yo la recibo y me cuenta ella eso que yo ya sab\u00eda. El chico empez\u00f3 jugando el a\u00f1o pasado y no estuvo en todo el a\u00f1o, creo que en diciembre se fue, no s\u00f3lo no tiene ni un partido jugado, sino que no firm\u00f3 una planilla. Y ya no juega m\u00e1s, se fue\u201d.<\/p>\n<p class=\"com-paragraph   --s\">\u201cNo solamente tengo yo el papel, sino que la tesorer\u00eda tambi\u00e9n. El 18 de marzo de este a\u00f1o, esta mujer vino a mi despacho, se sac\u00f3 una foto conmigo y\u00a0<strong>public\u00f3 en la tapa del diario que hab\u00eda hecho donaciones para San Lorenzo<\/strong>\u00a0y estaba muy contenta por c\u00f3mo hab\u00edamos tratado al hijo. Es una \u00fanica donaci\u00f3n, no una coima\u201d, agreg\u00f3 el mandatario del Cicl\u00f3n.<\/p>\n<p class=\"com-paragraph   --s\">Luego ampli\u00f3: \u201c\u00bfC\u00f3mo no voy a saber que hab\u00eda un video? Si me est\u00e1n extorsionando hace m\u00e1s de un a\u00f1o. Me pidieron dinero y nunca me dieron pruebas. Yo no quise saber nada, tengo la conciencia tranquila, porque esa plata entr\u00f3 al club. A ning\u00fan t\u00e9cnico de inferiores o de primera, jam\u00e1s le dije\u00a0<em>\u2018tiene que jugar tal jugador\u2019<\/em>. Y jam\u00e1s lo voy a hacer. Est\u00e1 todo en los registros del club\u201d.<\/p>\n<div class=\"com-embed --twitter\">\n<div class=\"twitter-tweet twitter-tweet-rendered\"><iframe id=\"twitter-widget-0\" class=\"\" title=\"X Post\" src=\"https:\/\/platform.twitter.com\/embed\/Tweet.html?creatorScreenName=LANACION&amp;dnt=false&amp;embedId=twitter-widget-0&amp;features=eyJ0ZndfdGltZWxpbmVfbGlzdCI6eyJidWNrZXQiOltdLCJ2ZXJzaW9uIjpudWxsfSwidGZ3X2ZvbGxvd2VyX2NvdW50X3N1bnNldCI6eyJidWNrZXQiOnRydWUsInZlcnNpb24iOm51bGx9LCJ0ZndfdHdlZXRfZWRpdF9iYWNrZW5kIjp7ImJ1Y2tldCI6Im9uIiwidmVyc2lvbiI6bnVsbH0sInRmd19yZWZzcmNfc2Vzc2lvbiI6eyJidWNrZXQiOiJvbiIsInZlcnNpb24iOm51bGx9LCJ0ZndfZm9zbnJfc29mdF9pbnRlcnZlbnRpb25zX2VuYWJsZWQiOnsiYnVja2V0Ijoib24iLCJ2ZXJzaW9uIjpudWxsfSwidGZ3X21peGVkX21lZGlhXzE1ODk3Ijp7ImJ1Y2tldCI6InRyZWF0bWVudCIsInZlcnNpb24iOm51bGx9LCJ0ZndfZXhwZXJpbWVudHNfY29va2llX2V4cGlyYXRpb24iOnsiYnVja2V0IjoxMjA5NjAwLCJ2ZXJzaW9uIjpudWxsfSwidGZ3X3Nob3dfYmlyZHdhdGNoX3Bpdm90c19lbmFibGVkIjp7ImJ1Y2tldCI6Im9uIiwidmVyc2lvbiI6bnVsbH0sInRmd19kdXBsaWNhdGVfc2NyaWJlc190b19zZXR0aW5ncyI6eyJidWNrZXQiOiJvbiIsInZlcnNpb24iOm51bGx9LCJ0ZndfdXNlX3Byb2ZpbGVfaW1hZ2Vfc2hhcGVfZW5hYmxlZCI6eyJidWNrZXQiOiJvbiIsInZlcnNpb24iOm51bGx9LCJ0ZndfdmlkZW9faGxzX2R5bmFtaWNfbWFuaWZlc3RzXzE1MDgyIjp7ImJ1Y2tldCI6InRydWVfYml0cmF0ZSIsInZlcnNpb24iOm51bGx9LCJ0ZndfbGVnYWN5X3RpbWVsaW5lX3N1bnNldCI6eyJidWNrZXQiOnRydWUsInZlcnNpb24iOm51bGx9LCJ0ZndfdHdlZXRfZWRpdF9mcm9udGVuZCI6eyJidWNrZXQiOiJvbiIsInZlcnNpb24iOm51bGx9fQ%3D%3D&amp;frame=false&amp;hideCard=false&amp;hideThread=false&amp;id=1914812177187283167&amp;lang=es&amp;origin=https%3A%2F%2Fwww.lanacion.com.ar%2Fdeportes%2Ffutbol%2Fsan-lorenzo%2Fla-defensa-de-moretti-tras-el-escandalo-en-san-lorenzo-me-hicieron-una-cama-nid22042025%2F&amp;sessionId=060b63c5a6268c653e6f9d72513a5f4a075549ec&amp;siteScreenName=LANACION&amp;theme=light&amp;widgetsVersion=2615f7e52b7e0%3A1702314776716&amp;width=550px\" frameborder=\"0\" scrolling=\"no\" allowfullscreen=\"allowfullscreen\" data-tweet-id=\"1914812177187283167\" data-mce-fragment=\"1\"><\/iframe><\/div>\n<\/div>\n<p class=\"com-paragraph   --s\">\u201cClaramente, como todos los ingresos que hice yo, est\u00e1n en el club ingresados. Todos. Si ven el video, yo le estoy contando a la mujer que a los pocos d\u00edas \u00edbamos a jugar a Quito con Independiente del Valle, que fue el \u00faltimo partido de Insua (el ex DT). Y tuvimos que contratar un avi\u00f3n por 240.000 d\u00f3lares, que tuvimos que hacer una vaquita entre dirigentes porque San Lorenzo no ten\u00eda plata. Jam\u00e1s me voy a manchar con San Lorenzo por US$ 25.000, ni por un d\u00f3lar, ni por un mill\u00f3n. La indignaci\u00f3n, la bronca, la calentura que tengo es tremenda. El a\u00f1o pasado quisieron voltearme. Oh casualidad:\u00a0<strong>ahora aparecen expresidentes diciendo que quieren volver a la cancha<\/strong>. Obviamente es la oposici\u00f3n la que hace todo esto. Desde el primer minuto me est\u00e1n agobiando, extorsionando. Les ganamos. Incluyo, obviamente, a Lammens y a Tinelli\u201d.<\/p>\n<p class=\"com-paragraph   --s\">\u201cHay un da\u00f1o contra Moretti presidente. San Lorenzo est\u00e1 saliendo de un ahogamiento financiero y econ\u00f3mico del que estamos cada d\u00eda mejor. Va a construir su estadio en Boedo, lo dije hace menos de 90 d\u00edas, que en 90 d\u00edas se presentaba el proyecto y el financiamiento. Se ve que hay gente que se pone nerviosa. El golpe es contra Moretti y no contra San Lorenzo. Quieren manchar mi nombre. La plata ni la cont\u00e9, no me interes\u00f3, una situaci\u00f3n muy inc\u00f3moda para m\u00ed. Pero era una donaci\u00f3n que hicieron porque San Lorenzo necesita plata, reci\u00e9n hac\u00eda dos meses y medio que hab\u00edamos asumido\u201d, agreg\u00f3 Moretti.<\/p>\n<div class=\"com-embed --twitter\">\n<div class=\"twitter-tweet twitter-tweet-rendered\"><iframe id=\"twitter-widget-1\" class=\"\" title=\"X Post\" src=\"https:\/\/platform.twitter.com\/embed\/Tweet.html?creatorScreenName=LANACION&amp;dnt=false&amp;embedId=twitter-widget-1&amp;features=eyJ0ZndfdGltZWxpbmVfbGlzdCI6eyJidWNrZXQiOltdLCJ2ZXJzaW9uIjpudWxsfSwidGZ3X2ZvbGxvd2VyX2NvdW50X3N1bnNldCI6eyJidWNrZXQiOnRydWUsInZlcnNpb24iOm51bGx9LCJ0ZndfdHdlZXRfZWRpdF9iYWNrZW5kIjp7ImJ1Y2tldCI6Im9uIiwidmVyc2lvbiI6bnVsbH0sInRmd19yZWZzcmNfc2Vzc2lvbiI6eyJidWNrZXQiOiJvbiIsInZlcnNpb24iOm51bGx9LCJ0ZndfZm9zbnJfc29mdF9pbnRlcnZlbnRpb25zX2VuYWJsZWQiOnsiYnVja2V0Ijoib24iLCJ2ZXJzaW9uIjpudWxsfSwidGZ3X21peGVkX21lZGlhXzE1ODk3Ijp7ImJ1Y2tldCI6InRyZWF0bWVudCIsInZlcnNpb24iOm51bGx9LCJ0ZndfZXhwZXJpbWVudHNfY29va2llX2V4cGlyYXRpb24iOnsiYnVja2V0IjoxMjA5NjAwLCJ2ZXJzaW9uIjpudWxsfSwidGZ3X3Nob3dfYmlyZHdhdGNoX3Bpdm90c19lbmFibGVkIjp7ImJ1Y2tldCI6Im9uIiwidmVyc2lvbiI6bnVsbH0sInRmd19kdXBsaWNhdGVfc2NyaWJlc190b19zZXR0aW5ncyI6eyJidWNrZXQiOiJvbiIsInZlcnNpb24iOm51bGx9LCJ0ZndfdXNlX3Byb2ZpbGVfaW1hZ2Vfc2hhcGVfZW5hYmxlZCI6eyJidWNrZXQiOiJvbiIsInZlcnNpb24iOm51bGx9LCJ0ZndfdmlkZW9faGxzX2R5bmFtaWNfbWFuaWZlc3RzXzE1MDgyIjp7ImJ1Y2tldCI6InRydWVfYml0cmF0ZSIsInZlcnNpb24iOm51bGx9LCJ0ZndfbGVnYWN5X3RpbWVsaW5lX3N1bnNldCI6eyJidWNrZXQiOnRydWUsInZlcnNpb24iOm51bGx9LCJ0ZndfdHdlZXRfZWRpdF9mcm9udGVuZCI6eyJidWNrZXQiOiJvbiIsInZlcnNpb24iOm51bGx9fQ%3D%3D&amp;frame=false&amp;hideCard=false&amp;hideThread=false&amp;id=1914883847696564394&amp;lang=es&amp;origin=https%3A%2F%2Fwww.lanacion.com.ar%2Fdeportes%2Ffutbol%2Fsan-lorenzo%2Fla-defensa-de-moretti-tras-el-escandalo-en-san-lorenzo-me-hicieron-una-cama-nid22042025%2F&amp;sessionId=060b63c5a6268c653e6f9d72513a5f4a075549ec&amp;siteScreenName=LANACION&amp;theme=light&amp;widgetsVersion=2615f7e52b7e0%3A1702314776716&amp;width=550px\" frameborder=\"0\" scrolling=\"no\" allowfullscreen=\"allowfullscreen\" data-tweet-id=\"1914883847696564394\" data-mce-fragment=\"1\"><\/iframe><\/div>\n<\/div>\n<p class=\"com-paragraph   --s\">En este mismo contexto, Moretti anunci\u00f3 despu\u00e9s de la medianoche: \u201dCon el fin de ejercer una leg\u00edtima y libre defensa tanto judicial como medi\u00e1tica y para resguardar a la instituci\u00f3n de los hechos que se me atribuyen,\u00a0<strong>desde ma\u00f1ana tomar\u00e9 una licencia a mi cargo\u00a0<\/strong>como presidente del Club Atl\u00e9tico San Lorenzo de Almagro\u00bb.<\/p>\n<p class=\"com-paragraph   --s\">Seg\u00fan est\u00e1 asentado, en el balance del ejercicio 23\/24 del club, el oficialismo declar\u00f3 que se recibieron donaciones por 11 millones de pesos, una cifra sensiblemente menor a los 25.000 d\u00f3lares que Moretti dijo que recibi\u00f3 en abril del a\u00f1o pasado.<\/p>\n<div class=\"com-embed --twitter\">\n<div class=\"twitter-tweet twitter-tweet-rendered\"><iframe id=\"twitter-widget-2\" class=\"\" title=\"X Post\" src=\"https:\/\/platform.twitter.com\/embed\/Tweet.html?creatorScreenName=LANACION&amp;dnt=false&amp;embedId=twitter-widget-2&amp;features=eyJ0ZndfdGltZWxpbmVfbGlzdCI6eyJidWNrZXQiOltdLCJ2ZXJzaW9uIjpudWxsfSwidGZ3X2ZvbGxvd2VyX2NvdW50X3N1bnNldCI6eyJidWNrZXQiOnRydWUsInZlcnNpb24iOm51bGx9LCJ0ZndfdHdlZXRfZWRpdF9iYWNrZW5kIjp7ImJ1Y2tldCI6Im9uIiwidmVyc2lvbiI6bnVsbH0sInRmd19yZWZzcmNfc2Vzc2lvbiI6eyJidWNrZXQiOiJvbiIsInZlcnNpb24iOm51bGx9LCJ0ZndfZm9zbnJfc29mdF9pbnRlcnZlbnRpb25zX2VuYWJsZWQiOnsiYnVja2V0Ijoib24iLCJ2ZXJzaW9uIjpudWxsfSwidGZ3X21peGVkX21lZGlhXzE1ODk3Ijp7ImJ1Y2tldCI6InRyZWF0bWVudCIsInZlcnNpb24iOm51bGx9LCJ0ZndfZXhwZXJpbWVudHNfY29va2llX2V4cGlyYXRpb24iOnsiYnVja2V0IjoxMjA5NjAwLCJ2ZXJzaW9uIjpudWxsfSwidGZ3X3Nob3dfYmlyZHdhdGNoX3Bpdm90c19lbmFibGVkIjp7ImJ1Y2tldCI6Im9uIiwidmVyc2lvbiI6bnVsbH0sInRmd19kdXBsaWNhdGVfc2NyaWJlc190b19zZXR0aW5ncyI6eyJidWNrZXQiOiJvbiIsInZlcnNpb24iOm51bGx9LCJ0ZndfdXNlX3Byb2ZpbGVfaW1hZ2Vfc2hhcGVfZW5hYmxlZCI6eyJidWNrZXQiOiJvbiIsInZlcnNpb24iOm51bGx9LCJ0ZndfdmlkZW9faGxzX2R5bmFtaWNfbWFuaWZlc3RzXzE1MDgyIjp7ImJ1Y2tldCI6InRydWVfYml0cmF0ZSIsInZlcnNpb24iOm51bGx9LCJ0ZndfbGVnYWN5X3RpbWVsaW5lX3N1bnNldCI6eyJidWNrZXQiOnRydWUsInZlcnNpb24iOm51bGx9LCJ0ZndfdHdlZXRfZWRpdF9mcm9udGVuZCI6eyJidWNrZXQiOiJvbiIsInZlcnNpb24iOm51bGx9fQ%3D%3D&amp;frame=false&amp;hideCard=false&amp;hideThread=false&amp;id=1914838122006716851&amp;lang=es&amp;origin=https%3A%2F%2Fwww.lanacion.com.ar%2Fdeportes%2Ffutbol%2Fsan-lorenzo%2Fla-defensa-de-moretti-tras-el-escandalo-en-san-lorenzo-me-hicieron-una-cama-nid22042025%2F&amp;sessionId=060b63c5a6268c653e6f9d72513a5f4a075549ec&amp;siteScreenName=LANACION&amp;theme=light&amp;widgetsVersion=2615f7e52b7e0%3A1702314776716&amp;width=550px\" frameborder=\"0\" scrolling=\"no\" allowfullscreen=\"allowfullscreen\" data-tweet-id=\"1914838122006716851\" data-mce-fragment=\"1\"><\/iframe><\/div>\n<\/div>\n","protected":false},"excerpt":{"rendered":"<p>Las im\u00e1genes parec\u00edan contundentes. En una c\u00e1mara oculta que difundi\u00f3 Canal 9, el presidente de San Lorenzo, Marcelo Moretti, aparec\u00eda<\/p>\n","protected":false},"author":1,"featured_media":23243,"comment_status":"closed","ping_status":"closed","sticky":false,"template":"","format":"standard","meta":{"footnotes":"","jetpack_publicize_message":"","jetpack_publicize_feature_enabled":true,"jetpack_social_post_already_shared":true,"jetpack_social_options":{"image_generator_settings":{"template":"highway","enabled":false},"version":2}},"categories":[9],"tags":[],"class_list":["post-23242","post","type-post","status-publish","format-standard","has-post-thumbnail","hentry","category-deportes"],"jetpack_publicize_connections":[],"_links":{"self":[{"href":"https:\/\/diariorepublica.com.ar\/web\/index.php\/wp-json\/wp\/v2\/posts\/23242"}],"collection":[{"href":"https:\/\/diariorepublica.com.ar\/web\/index.php\/wp-json\/wp\/v2\/posts"}],"about":[{"href":"https:\/\/diariorepublica.com.ar\/web\/index.php\/wp-json\/wp\/v2\/types\/post"}],"author":[{"embeddable":true,"href":"https:\/\/diariorepublica.com.ar\/web\/index.php\/wp-json\/wp\/v2\/users\/1"}],"replies":[{"embeddable":true,"href":"https:\/\/diariorepublica.com.ar\/web\/index.php\/wp-json\/wp\/v2\/comments?post=23242"}],"version-history":[{"count":1,"href":"https:\/\/diariorepublica.com.ar\/web\/index.php\/wp-json\/wp\/v2\/posts\/23242\/revisions"}],"predecessor-version":[{"id":23244,"href":"https:\/\/diariorepublica.com.ar\/web\/index.php\/wp-json\/wp\/v2\/posts\/23242\/revisions\/23244"}],"wp:featuredmedia":[{"embeddable":true,"href":"https:\/\/diariorepublica.com.ar\/web\/index.php\/wp-json\/wp\/v2\/media\/23243"}],"wp:attachment":[{"href":"https:\/\/diariorepublica.com.ar\/web\/index.php\/wp-json\/wp\/v2\/media?parent=23242"}],"wp:term":[{"taxonomy":"category","embeddable":true,"href":"https:\/\/diariorepublica.com.ar\/web\/index.php\/wp-json\/wp\/v2\/categories?post=23242"},{"taxonomy":"post_tag","embeddable":true,"href":"https:\/\/diariorepublica.com.ar\/web\/index.php\/wp-json\/wp\/v2\/tags?post=23242"}],"curies":[{"name":"wp","href":"https:\/\/api.w.org\/{rel}","templated":true}]}}