{"id":23248,"date":"2025-04-24T10:23:01","date_gmt":"2025-04-24T13:23:01","guid":{"rendered":"https:\/\/diariorepublica.com.ar\/web\/?p=23248"},"modified":"2025-04-24T10:23:03","modified_gmt":"2025-04-24T13:23:03","slug":"gobierno-y-la-bolsa-de-comercio-joven-trabajan-en-la-implementacion-de-un-programa-de-educacion-financiera","status":"publish","type":"post","link":"https:\/\/diariorepublica.com.ar\/web\/index.php\/sociedad\/2025\/04\/24\/gobierno-y-la-bolsa-de-comercio-joven-trabajan-en-la-implementacion-de-un-programa-de-educacion-financiera\/","title":{"rendered":"Gobierno y la Bolsa de Comercio Joven trabajan en la implementaci\u00f3n de un programa de Educaci\u00f3n Financiera"},"content":{"rendered":"<p>El gobernador Ra\u00fal Jalil recibi\u00f3 en Casa de Gobierno a Guido Lanzilotta y Alejandro Bulgheroni (H), presidente y vice de la Bolsa de Comercio Joven (BCJ), respectivamente, quienes vienen desarrollando un programa de Educaci\u00f3n Financiera en distintas provincias del pa\u00eds y que se articular\u00e1 para implementarse en Catamarca.<\/p>\n<p>En la ocasi\u00f3n, se explic\u00f3 que la Bolsa de Comercio Joven est\u00e1 impulsando este tipo de proyectos de Educaci\u00f3n Financiera en varias provincias, entre ellas Chubut, y ahora se pondr\u00e1 en marcha en Catamarca y Jujuy.<\/p>\n<p>Tras la reuni\u00f3n, Guido Lanzilotta, presidente de la BCJ, expres\u00f3: \u201cnos reunimos con el Gobernador para comentarle nuestra propuesta y poder complementar con cuadros t\u00e9cnicos y recursos humanos educativos. Creemos que la Educaci\u00f3n Financiera es un pilar fundamental para los j\u00f3venes a corto, mediano y largo plazo\u201d, asegur\u00f3.<\/p>\n<p>La implementaci\u00f3n de este programa de Educaci\u00f3n Financiera en las escuelas de Catamarca apunta a que todos los j\u00f3venes catamarque\u00f1os puedan comenzar a instruirse y aprender sobre esta tem\u00e1tica tan importante en la actualidad y acercar este tipo de conocimiento a las nuevas generaciones para que, al concluir sus estudios secundarios y emprender el camino profesional y de formaci\u00f3n de grado, puedan contar con herramientas en esta materia.<\/p>\n<p>En el encuentro tambi\u00e9n participaron el vicegobernador Rub\u00e9n Dusso; el ministro de Educaci\u00f3n, Dalmacio Mera; el ministro de Hacienda y Obras P\u00fablicas, Juan Marchetti; el diputado provincial, Gustavo Aguirre, adem\u00e1s de representantes del Consejo Profesional de Ciencias Econ\u00f3micas de Catamarca.<\/p>\n","protected":false},"excerpt":{"rendered":"<p>El gobernador Ra\u00fal Jalil recibi\u00f3 en Casa de Gobierno a Guido Lanzilotta y Alejandro Bulgheroni (H), presidente y vice de<\/p>\n","protected":false},"author":1,"featured_media":23249,"comment_status":"closed","ping_status":"closed","sticky":false,"template":"","format":"standard","meta":{"footnotes":"","jetpack_publicize_message":"","jetpack_publicize_feature_enabled":true,"jetpack_social_post_already_shared":true,"jetpack_social_options":{"image_generator_settings":{"template":"highway","enabled":false},"version":2}},"categories":[3],"tags":[],"class_list":["post-23248","post","type-post","status-publish","format-standard","has-post-thumbnail","hentry","category-sociedad"],"jetpack_publicize_connections":[],"_links":{"self":[{"href":"https:\/\/diariorepublica.com.ar\/web\/index.php\/wp-json\/wp\/v2\/posts\/23248"}],"collection":[{"href":"https:\/\/diariorepublica.com.ar\/web\/index.php\/wp-json\/wp\/v2\/posts"}],"about":[{"href":"https:\/\/diariorepublica.com.ar\/web\/index.php\/wp-json\/wp\/v2\/types\/post"}],"author":[{"embeddable":true,"href":"https:\/\/diariorepublica.com.ar\/web\/index.php\/wp-json\/wp\/v2\/users\/1"}],"replies":[{"embeddable":true,"href":"https:\/\/diariorepublica.com.ar\/web\/index.php\/wp-json\/wp\/v2\/comments?post=23248"}],"version-history":[{"count":1,"href":"https:\/\/diariorepublica.com.ar\/web\/index.php\/wp-json\/wp\/v2\/posts\/23248\/revisions"}],"predecessor-version":[{"id":23250,"href":"https:\/\/diariorepublica.com.ar\/web\/index.php\/wp-json\/wp\/v2\/posts\/23248\/revisions\/23250"}],"wp:featuredmedia":[{"embeddable":true,"href":"https:\/\/diariorepublica.com.ar\/web\/index.php\/wp-json\/wp\/v2\/media\/23249"}],"wp:attachment":[{"href":"https:\/\/diariorepublica.com.ar\/web\/index.php\/wp-json\/wp\/v2\/media?parent=23248"}],"wp:term":[{"taxonomy":"category","embeddable":true,"href":"https:\/\/diariorepublica.com.ar\/web\/index.php\/wp-json\/wp\/v2\/categories?post=23248"},{"taxonomy":"post_tag","embeddable":true,"href":"https:\/\/diariorepublica.com.ar\/web\/index.php\/wp-json\/wp\/v2\/tags?post=23248"}],"curies":[{"name":"wp","href":"https:\/\/api.w.org\/{rel}","templated":true}]}}