{"id":23290,"date":"2025-04-26T00:05:00","date_gmt":"2025-04-26T03:05:00","guid":{"rendered":"https:\/\/diariorepublica.com.ar\/web\/?p=23290"},"modified":"2025-04-26T16:06:20","modified_gmt":"2025-04-26T19:06:20","slug":"el-intendente-superviso-la-plantacion-de-casi-doscientos-arboles-en-banda-de-varela","status":"publish","type":"post","link":"https:\/\/diariorepublica.com.ar\/web\/index.php\/locales\/2025\/04\/26\/el-intendente-superviso-la-plantacion-de-casi-doscientos-arboles-en-banda-de-varela\/","title":{"rendered":"El Intendente supervis\u00f3 la plantaci\u00f3n de casi doscientos \u00e1rboles en Banda de Varela"},"content":{"rendered":"<p dir=\"ltr\">El Intendente supervis\u00f3 la plantaci\u00f3n de casi doscientos \u00e1rboles en Banda de Varela<\/p>\n<p dir=\"ltr\">El intendente Gustavo Saadi supervis\u00f3 la plantaci\u00f3n de casi doscientos \u00e1rboles de la especie pezu\u00f1as de vaca en Banda de Varela. Esta iniciativa forma parte de un proyecto m\u00e1s amplio de forestaci\u00f3n urbana que pretende contribuir al cuidado del medio ambiente y el desarrollo sostenible en toda la Capital a trav\u00e9s del plan Forestal 2030. Adem\u00e1s, se dieron inicio a los trabajos de movimiento de suelo y la posterior parquizaci\u00f3n de la rotonda de ingreso. La actividad cont\u00f3 con la presencia del presidente del Concejo Deliberante, Francisco Sosa, y el secretario de Ambiente, Nicol\u00e1s Acu\u00f1a.<\/p>\n<p dir=\"ltr\">En este sentido, Acu\u00f1a coment\u00f3: \u00ab&#8230;terminamos una forestaci\u00f3n que estaba prometida para la zona, donde se hizo una puesta de luminarias Led, de asfalto; faltaba la forestaci\u00f3n. M\u00e1s de 170 \u00e1rboles, todo un corredor que se conecta tambi\u00e9n con las mejoras que estamos haciendo en la plaza de Villa Parque Chacabuco\u201d.<\/p>\n<p dir=\"ltr\">\u00abEstamos parando m\u00e1s de 170 especies del vivero municipal que vienen a mejorar tambi\u00e9n el arbolado urbano y los frentes de las viviendas de esta zona. Seguimos nosotros con el plan forestal 2030. Ya llevamos m\u00e1s de 30.000 \u00e1rboles en la ciudad. Lo que buscamos es que prosperen. En este caso, trabajamos la forestaci\u00f3n urbana con el mantenimiento propio del municipio o con la forestaci\u00f3n comunitaria, donde ya el vecino se hace cargo. As\u00ed que,\u00a0 siempre buscamos solucionar la problem\u00e1tica del arbolado en la Capital y generar corredores ambientales\u00bb.<\/p>\n<p dir=\"ltr\">Plan Forestal 2030<\/p>\n<p dir=\"ltr\">El Plan Forestal 2030 de San Fernando del Valle de Catamarca tiene como objetivo principal fomentar la forestaci\u00f3n urbana para crear y mantener espacios verdes en la ciudad, mejorando la calidad de vida de los habitantes y promoviendo la sostenibilidad ambiental. Este plan se implementa a trav\u00e9s de diversas iniciativas de forestaci\u00f3n, plantaci\u00f3n de \u00e1rboles en \u00e1reas estrat\u00e9gicas, y la participaci\u00f3n comunitaria en la gesti\u00f3n forestal.<\/p>\n","protected":false},"excerpt":{"rendered":"<p>El Intendente supervis\u00f3 la plantaci\u00f3n de casi doscientos \u00e1rboles en Banda de Varela El intendente Gustavo Saadi supervis\u00f3 la plantaci\u00f3n<\/p>\n","protected":false},"author":1,"featured_media":23291,"comment_status":"closed","ping_status":"closed","sticky":false,"template":"","format":"standard","meta":{"footnotes":"","jetpack_publicize_message":"","jetpack_publicize_feature_enabled":true,"jetpack_social_post_already_shared":true,"jetpack_social_options":{"image_generator_settings":{"template":"highway","enabled":false},"version":2}},"categories":[2],"tags":[],"class_list":["post-23290","post","type-post","status-publish","format-standard","has-post-thumbnail","hentry","category-locales"],"jetpack_publicize_connections":[],"_links":{"self":[{"href":"https:\/\/diariorepublica.com.ar\/web\/index.php\/wp-json\/wp\/v2\/posts\/23290"}],"collection":[{"href":"https:\/\/diariorepublica.com.ar\/web\/index.php\/wp-json\/wp\/v2\/posts"}],"about":[{"href":"https:\/\/diariorepublica.com.ar\/web\/index.php\/wp-json\/wp\/v2\/types\/post"}],"author":[{"embeddable":true,"href":"https:\/\/diariorepublica.com.ar\/web\/index.php\/wp-json\/wp\/v2\/users\/1"}],"replies":[{"embeddable":true,"href":"https:\/\/diariorepublica.com.ar\/web\/index.php\/wp-json\/wp\/v2\/comments?post=23290"}],"version-history":[{"count":1,"href":"https:\/\/diariorepublica.com.ar\/web\/index.php\/wp-json\/wp\/v2\/posts\/23290\/revisions"}],"predecessor-version":[{"id":23292,"href":"https:\/\/diariorepublica.com.ar\/web\/index.php\/wp-json\/wp\/v2\/posts\/23290\/revisions\/23292"}],"wp:featuredmedia":[{"embeddable":true,"href":"https:\/\/diariorepublica.com.ar\/web\/index.php\/wp-json\/wp\/v2\/media\/23291"}],"wp:attachment":[{"href":"https:\/\/diariorepublica.com.ar\/web\/index.php\/wp-json\/wp\/v2\/media?parent=23290"}],"wp:term":[{"taxonomy":"category","embeddable":true,"href":"https:\/\/diariorepublica.com.ar\/web\/index.php\/wp-json\/wp\/v2\/categories?post=23290"},{"taxonomy":"post_tag","embeddable":true,"href":"https:\/\/diariorepublica.com.ar\/web\/index.php\/wp-json\/wp\/v2\/tags?post=23290"}],"curies":[{"name":"wp","href":"https:\/\/api.w.org\/{rel}","templated":true}]}}